{"id":234685,"date":"2023-07-10T13:50:30","date_gmt":"2023-07-10T16:50:30","guid":{"rendered":"https:\/\/www.redenoticia.com.br\/noticia\/?p=234685"},"modified":"2023-07-10T18:19:50","modified_gmt":"2023-07-10T21:19:50","slug":"resumo-mulheres-apaixonadas-11-07-salete-conta-para-helena-que-nao-tem-pai","status":"publish","type":"post","link":"https:\/\/migracao.redenoticia.com.br\/noticia\/2023\/resumo-mulheres-apaixonadas-11-07-salete-conta-para-helena-que-nao-tem-pai\/234685","title":{"rendered":"Resumo &#8220;Mulheres Apaixonadas&#8221; 11\/07: Salete conta para Helena que n\u00e3o tem pai"},"content":{"rendered":"<p> <img loading=\"lazy\" decoding=\"async\" src=\"https:\/\/migracao.redenoticia.com.br\/noticia\/imagens\/mulheres-apaixonadas-resumo-vale-a-pena-ver-de-novo.jpg\" alt=\"\" width=\"1280\" height=\"720\" class=\"aligncenter size-full wp-image-233044\" srcset=\"https:\/\/migracao.redenoticia.com.br\/noticia\/imagens\/mulheres-apaixonadas-resumo-vale-a-pena-ver-de-novo.jpg 1280w, https:\/\/migracao.redenoticia.com.br\/noticia\/imagens\/mulheres-apaixonadas-resumo-vale-a-pena-ver-de-novo-250x140.jpg 250w, https:\/\/migracao.redenoticia.com.br\/noticia\/imagens\/mulheres-apaixonadas-resumo-vale-a-pena-ver-de-novo-400x225.jpg 400w, https:\/\/migracao.redenoticia.com.br\/noticia\/imagens\/mulheres-apaixonadas-resumo-vale-a-pena-ver-de-novo-768x432.jpg 768w, https:\/\/migracao.redenoticia.com.br\/noticia\/imagens\/mulheres-apaixonadas-resumo-vale-a-pena-ver-de-novo-150x84.jpg 150w\" sizes=\"auto, (max-width: 1280px) 100vw, 1280px\" \/><\/p>\n<p><em><strong>Resumo da novela &#8220;Mulheres Apaixonadas&#8221;<\/strong><\/em> em 11\/07: no cap\u00edtulo 032(*) da novela, Helena e Lucas lancham, quando Salete, que est\u00e1 com Vilma em outra mesa, reconhece e chama o amiguinho. Salete corre em dire\u00e7\u00e3o a Lucas. Helena olha fixamente para Wilma, certa que \u00e9 Fernanda. As crian\u00e7as correm para o parquinho. Wilma se apresenta, desfazendo a confus\u00e3o. Raquel combina um passeio de bicicleta com os alunos. Paulinha explode com Oswaldo porque ele n\u00e3o tem dinheiro para lhe dar nada, nem mesmo uma bicicleta nova. Helena olha Salete e Lucas, comparando-os. Salete conta, triste, que n\u00e3o tem pai. D\u00f3ris vai com os av\u00f3s ao Corcovado. Luciana pega Lucas para passear. Helena pede que Hilda n\u00e3o comente com Heloisa que ela se encontrou com Salete. S\u00edlvia recebe Diogo e Marina de volta com flores e champanhe. <\/p>\n<p>Oswaldo chega com uma bicicleta de presente para Paulinha, mas ela se afasta. Marcinha convida Helena para a reuni\u00e3o em sua casa. Luciana e Lucas v\u00e3o ao ensaio de T\u00e9o. Ele se preocupa ao saber que Helena conheceu Salete. Rodrigo avisa que n\u00e3o quer Laura na casa, nem mesmo na festa. C\u00e9sar reage ao saber que Helena se separou. Heloisa insiste que a irm\u00e3 v\u00e1 \u00e0 festa. Marcinha apresenta o pai \u00e0s professoras. Helena chega, deslumbrante, na festa.  <\/p>\n<p>(*) edi\u00e7\u00e3o das novelas da Globo, &#8220;Mulheres Apaixonadas&#8221;, sujeito a altera\u00e7\u00e3o de data e conte\u00fado.<\/p>\n<p>Sinopse &#8220;Mulheres Apaixonadas&#8221;: Helena vive um casamento com T\u00e9o e passa a se questionar se \u00e9 feliz. Helena tem duas irm\u00e3s, Hilda e Helo\u00edsa, tamb\u00e9m casadas. Hilda \u00e9 casada com Leandro e Helo\u00edsa \u00e9 casada com S\u00e9rgio, por quem nutre um ci\u00fame doentio. Grandes amigas, as tr\u00eas irm\u00e3s compartilham suas ang\u00fastias e incertezas sobre o futuro e a felicidade. <\/p>\n<p>Helena desconfia de um caso de T\u00e9o com Fernanda, uma ex-garota de programa. Deste relacionamento nasceu Lucas, filho adotivo do casal, fato que Helena desconhece mas que acaba por descobrir depois da morte de Fernanda. Helena reencontra C\u00e9sar, um antigo namorado. C\u00e9sar, que ficou vi\u00favo, est\u00e1 morando na mesma cidade. C\u00e9sar se ressentiu pelo abandono que sofreu por Helena e tornou-se um homem rude.<\/p>\n","protected":false},"excerpt":{"rendered":"<p>Resumo da novela &#8220;Mulheres Apaixonadas&#8221; em 11\/07: no cap\u00edtulo 032(*) da novela, Helena e Lucas lancham, quando Salete, que est\u00e1 com Vilma em outra mesa, reconhece e chama o amiguinho. Salete corre em dire\u00e7\u00e3o a Lucas. Helena olha fixamente para Wilma, certa que \u00e9 Fernanda. As crian\u00e7as correm para o parquinho. Wilma se apresenta, desfazendo [&hellip;]<\/p>\n","protected":false},"author":5,"featured_media":233056,"comment_status":"closed","ping_status":"closed","sticky":false,"template":"","format":"standard","meta":{"tdm_status":"","tdm_grid_status":"","footnotes":""},"categories":[2307,379,375,2025,343],"tags":[441],"class_list":{"0":"post-234685","1":"post","2":"type-post","3":"status-publish","4":"format-standard","5":"has-post-thumbnail","7":"category-mulheres-apaixonadas","8":"category-novelas","9":"category-rede-globo","10":"category-resumo","11":"category-televisao","12":"tag-resumo-do-dia"},"_links":{"self":[{"href":"https:\/\/migracao.redenoticia.com.br\/noticia\/wp-json\/wp\/v2\/posts\/234685","targetHints":{"allow":["GET"]}}],"collection":[{"href":"https:\/\/migracao.redenoticia.com.br\/noticia\/wp-json\/wp\/v2\/posts"}],"about":[{"href":"https:\/\/migracao.redenoticia.com.br\/noticia\/wp-json\/wp\/v2\/types\/post"}],"author":[{"embeddable":true,"href":"https:\/\/migracao.redenoticia.com.br\/noticia\/wp-json\/wp\/v2\/users\/5"}],"replies":[{"embeddable":true,"href":"https:\/\/migracao.redenoticia.com.br\/noticia\/wp-json\/wp\/v2\/comments?post=234685"}],"version-history":[{"count":0,"href":"https:\/\/migracao.redenoticia.com.br\/noticia\/wp-json\/wp\/v2\/posts\/234685\/revisions"}],"wp:featuredmedia":[{"embeddable":true,"href":"https:\/\/migracao.redenoticia.com.br\/noticia\/wp-json\/wp\/v2\/media\/233056"}],"wp:attachment":[{"href":"https:\/\/migracao.redenoticia.com.br\/noticia\/wp-json\/wp\/v2\/media?parent=234685"}],"wp:term":[{"taxonomy":"category","embeddable":true,"href":"https:\/\/migracao.redenoticia.com.br\/noticia\/wp-json\/wp\/v2\/categories?post=234685"},{"taxonomy":"post_tag","embeddable":true,"href":"https:\/\/migracao.redenoticia.com.br\/noticia\/wp-json\/wp\/v2\/tags?post=234685"}],"curies":[{"name":"wp","href":"https:\/\/api.w.org\/{rel}","templated":true}]}}