{"id":234718,"date":"2023-07-11T15:29:04","date_gmt":"2023-07-11T18:29:04","guid":{"rendered":"https:\/\/www.redenoticia.com.br\/noticia\/?p=234718"},"modified":"2023-07-11T15:29:04","modified_gmt":"2023-07-11T18:29:04","slug":"resumo-mulheres-de-areia-12-07-raquel-avisa-virgilio-que-ruth-nao-tem-visto-marcos","status":"publish","type":"post","link":"https:\/\/migracao.redenoticia.com.br\/noticia\/2023\/resumo-mulheres-de-areia-12-07-raquel-avisa-virgilio-que-ruth-nao-tem-visto-marcos\/234718","title":{"rendered":"Resumo &#8220;Mulheres de Areia&#8221; 12\/07: Raquel avisa Virg\u00edlio que Ruth n\u00e3o tem visto Marcos"},"content":{"rendered":"<p> <img loading=\"lazy\" decoding=\"async\" src=\"https:\/\/migracao.redenoticia.com.br\/noticia\/imagens\/mulheres-de-areia-resumo-novela-globo.jpg\" alt=\"\" width=\"1280\" height=\"720\" class=\"aligncenter size-full wp-image-233994\" srcset=\"https:\/\/migracao.redenoticia.com.br\/noticia\/imagens\/mulheres-de-areia-resumo-novela-globo.jpg 1280w, https:\/\/migracao.redenoticia.com.br\/noticia\/imagens\/mulheres-de-areia-resumo-novela-globo-250x140.jpg 250w, https:\/\/migracao.redenoticia.com.br\/noticia\/imagens\/mulheres-de-areia-resumo-novela-globo-400x225.jpg 400w, https:\/\/migracao.redenoticia.com.br\/noticia\/imagens\/mulheres-de-areia-resumo-novela-globo-768x432.jpg 768w, https:\/\/migracao.redenoticia.com.br\/noticia\/imagens\/mulheres-de-areia-resumo-novela-globo-150x84.jpg 150w\" sizes=\"auto, (max-width: 1280px) 100vw, 1280px\" \/><\/p>\n<p><em><strong>Resumo da novela &#8220;Mulheres de Areia&#8221;<\/strong><\/em> em 12\/07: no cap\u00edtulo 013(*) da novela, Virg\u00edlio chega ao escrit\u00f3rio e encontra Marcos conversando com Sampaio: Marcos conta ao pai que j\u00e1 falou para Sampaio que n\u00e3o quer casar com Andr\u00e9a. Virg\u00edlio discute com Marcos, que decide sair de casa. Vilma diz a Da Lua que lembra do dia que o pai dele morreu. <\/p>\n<p>Malu v\u00ea Ruth e a acha estranha. Virg\u00edlio diz a Duarte que quer falar com Raquel. No hotel, Raquel conta a Virg\u00edlio que Ruth n\u00e3o tem visto Marcos e confessa que \u00e9 ela quem tem se encontrado com ele. Raquel fica furiosa ao ver Vanderlei com uma mulher.<\/p>\n<p>Raquel vai atr\u00e1s de Vanderlei. Marcos diz a Andr\u00e9a que n\u00e3o vai mais haver casamento. Ela fica furiosa e o expulsa de sua casa. Raquel pede a Vanderlei que devolva o dinheiro dado por ela para que ele guardasse. Ele diz que j\u00e1 gastou tudo e ela o agride com bofetadas. <\/p>\n<p>Depois, Vanderlei pede a Donato que lhe empreste dinheiro. Ruth se reconhece na escultura que Da Lua fez. Para se vingar de Manoela, Virg\u00edlio manda destruir o carrinho de sandu\u00edches dela. Marcos vai \u00e0 casa de Floriano e fica confuso ao ver Ruth e Raquel juntas.<\/p>\n<p>(*) edi\u00e7\u00e3o das novelas da Globo, &#8220;Mulheres de Areia&#8221;, sujeito a altera\u00e7\u00e3o de data e conte\u00fado.<\/p>\n<p>Sinopse &#8220;Mulheres de Areia&#8221;: Ap\u00f3s anos Ruth volta a morar com os pais, o casal de pescadores Isaura e Floriano, e com sua irm\u00e3 g\u00eamea, Raquel. Ruth e Raquel, apesar de fisicamente id\u00eanticas, t\u00eam personalidades totalmente opostas. Ruth \u00e9 doce, calma, humilde e possui um bom cora\u00e7\u00e3o; enquanto Raquel \u00e9 ego\u00edsta, ambiciosa, agressiva e m\u00e1. Raquel finge ser Ruth para conquistar o jovem empres\u00e1rio Marcos Assun\u00e7\u00e3o, que a irm\u00e3 conheceu a caminho de Pontal. Mesmo apaixonado por Ruth, Marcos acaba envolvido pelo charme e sensualidade de Raquel, e acaba casando-se com ela. A uni\u00e3o n\u00e3o impede que Raquel continue a se encontrar \u00e0s escondidas com o malandro e mau-car\u00e1ter Wanderley, seu amante e c\u00famplice. Em Pontal D&#8217;Areia vive ainda Tonho da Lua, que esculpe mulheres de areia na praia, e alimenta um amor plat\u00f4nico por Ruth, sua protetora. Raquel, por sua vez, o persegue e inferniza sua vida, destruindo suas esculturas e o ofendendo sempre que pode.<\/p>\n","protected":false},"excerpt":{"rendered":"<p>Resumo da novela &#8220;Mulheres de Areia&#8221; em 12\/07: no cap\u00edtulo 013(*) da novela, Virg\u00edlio chega ao escrit\u00f3rio e encontra Marcos conversando com Sampaio: Marcos conta ao pai que j\u00e1 falou para Sampaio que n\u00e3o quer casar com Andr\u00e9a. Virg\u00edlio discute com Marcos, que decide sair de casa. Vilma diz a Da Lua que lembra do [&hellip;]<\/p>\n","protected":false},"author":4,"featured_media":233993,"comment_status":"closed","ping_status":"closed","sticky":false,"template":"","format":"standard","meta":{"tdm_status":"","tdm_grid_status":"","footnotes":""},"categories":[2309,379,2025,343],"tags":[441],"class_list":{"0":"post-234718","1":"post","2":"type-post","3":"status-publish","4":"format-standard","5":"has-post-thumbnail","7":"category-mulheres-de-areia","8":"category-novelas","9":"category-resumo","10":"category-televisao","11":"tag-resumo-do-dia"},"_links":{"self":[{"href":"https:\/\/migracao.redenoticia.com.br\/noticia\/wp-json\/wp\/v2\/posts\/234718","targetHints":{"allow":["GET"]}}],"collection":[{"href":"https:\/\/migracao.redenoticia.com.br\/noticia\/wp-json\/wp\/v2\/posts"}],"about":[{"href":"https:\/\/migracao.redenoticia.com.br\/noticia\/wp-json\/wp\/v2\/types\/post"}],"author":[{"embeddable":true,"href":"https:\/\/migracao.redenoticia.com.br\/noticia\/wp-json\/wp\/v2\/users\/4"}],"replies":[{"embeddable":true,"href":"https:\/\/migracao.redenoticia.com.br\/noticia\/wp-json\/wp\/v2\/comments?post=234718"}],"version-history":[{"count":0,"href":"https:\/\/migracao.redenoticia.com.br\/noticia\/wp-json\/wp\/v2\/posts\/234718\/revisions"}],"wp:featuredmedia":[{"embeddable":true,"href":"https:\/\/migracao.redenoticia.com.br\/noticia\/wp-json\/wp\/v2\/media\/233993"}],"wp:attachment":[{"href":"https:\/\/migracao.redenoticia.com.br\/noticia\/wp-json\/wp\/v2\/media?parent=234718"}],"wp:term":[{"taxonomy":"category","embeddable":true,"href":"https:\/\/migracao.redenoticia.com.br\/noticia\/wp-json\/wp\/v2\/categories?post=234718"},{"taxonomy":"post_tag","embeddable":true,"href":"https:\/\/migracao.redenoticia.com.br\/noticia\/wp-json\/wp\/v2\/tags?post=234718"}],"curies":[{"name":"wp","href":"https:\/\/api.w.org\/{rel}","templated":true}]}}