{"id":234761,"date":"2023-07-12T17:07:54","date_gmt":"2023-07-12T20:07:54","guid":{"rendered":"https:\/\/www.redenoticia.com.br\/noticia\/?p=234761"},"modified":"2023-07-12T17:07:54","modified_gmt":"2023-07-12T20:07:54","slug":"resumo-um-refugio-para-o-amor-13-07-clara-destroi-os-presentes-de-luciana","status":"publish","type":"post","link":"https:\/\/migracao.redenoticia.com.br\/noticia\/2023\/resumo-um-refugio-para-o-amor-13-07-clara-destroi-os-presentes-de-luciana\/234761","title":{"rendered":"Resumo \u201cUm Ref\u00fagio para o Amor\u201d 13\/07: Clara destr\u00f3i os presentes de Luciana"},"content":{"rendered":"<p> <img loading=\"lazy\" decoding=\"async\" src=\"https:\/\/migracao.redenoticia.com.br\/noticia\/imagens\/um-refugio-para-o-amor-novela-resumo-sbt.jpg.jpg\" alt=\"\" width=\"1280\" height=\"720\" class=\"aligncenter size-full wp-image-233922\" srcset=\"https:\/\/migracao.redenoticia.com.br\/noticia\/imagens\/um-refugio-para-o-amor-novela-resumo-sbt.jpg.jpg 1280w, https:\/\/migracao.redenoticia.com.br\/noticia\/imagens\/um-refugio-para-o-amor-novela-resumo-sbt.jpg-250x140.jpg 250w, https:\/\/migracao.redenoticia.com.br\/noticia\/imagens\/um-refugio-para-o-amor-novela-resumo-sbt.jpg-400x225.jpg 400w, https:\/\/migracao.redenoticia.com.br\/noticia\/imagens\/um-refugio-para-o-amor-novela-resumo-sbt.jpg-768x432.jpg 768w, https:\/\/migracao.redenoticia.com.br\/noticia\/imagens\/um-refugio-para-o-amor-novela-resumo-sbt.jpg-150x84.jpg 150w\" sizes=\"auto, (max-width: 1280px) 100vw, 1280px\" \/> <\/p>\n<p><strong><em>Resumo da novela \u201cUm Ref\u00fagio para o Amor\u201d<\/em><\/strong> em 13\/07: no cap\u00edtulo 014(*) da novela, Roselena vai visitar a campa de Aurora e encontra Cl\u00e1udio que lhe agradece por tudo o que fez pela sua esposa e pela sua filha. Luciana faz anos e tira o dia de folga, o que deixa Roselena furiosa. Patr\u00edcio defende Luciana e decide oferecer-lhe um presente.<\/p>\n<p>Rodrigo tamb\u00e9m decide dar um presente a Luciana, deixando Gala furiosa. Ao descobrir que Luciana faz 19 anos, Roselena sente-se mal e Jana e Patr\u00edcio n\u00e3o entendem porqu\u00ea. Vicky vai a casa de Roselena, Maximino fica furioso e discute com ela. Roselena n\u00e3o aguenta os remorsos por causa de Aurora. Com a ajuda de Br\u00edgida, Gala entra no quarto de Luciana, rasga o livro que Patr\u00edcio lhe deu e deita fora o presente de Rodrigo. Cl\u00e1udio diz a Norma que viu Roselena na campa de Aurora e que, apesar de ser esposa do homem que a traiu, lhe agradece o facto de ela ter ficado com Aurora at\u00e9 ao fim. Cl\u00e1udio chora o facto de a filha ter nascido morta. Luciana conta a Cl\u00e1udio o que Gala fez com os presentes de Rodrigo e Patr\u00edcio e confessa-lhe que se apaixonou por Rodrigo.<\/p>\n<p>Cl\u00e1udio diz a Luciana que n\u00e3o pretende defender Gala, mas que \u00e9 normal que ela se sinta mal ao perceber que Luciana ama o homem com quem ela se vai casar. Roselena pede ao padre que fale com Patr\u00edcio, pois teme que a depend\u00eancia que ele tem de Luciana n\u00e3o seja saud\u00e1vel. Roselena discute com Maximino e acusa-o de ter roubado tudo a Cl\u00e1udio por causa de Aurora. Cl\u00e1udio conta a Luciana tudo o que Maximino lhe fez, mas ela acredita que ele \u00e9 um homem bom. Jana diz a Luciana que vai acompanhar Patr\u00edcio na festa da empresa, mas ela diz que n\u00e3o tem roupa para usar. Br\u00edgida conta a Gala que Luciana ir\u00e1 acompanhar Patr\u00edcio \u00e0 festa. Luciana chega ao quarto e surpreende-se ao ver um vestido e os acess\u00f3rios necess\u00e1rios para ir \u00e0 festa.<\/p>\n<p>(*) edi\u00e7\u00e3o das novelas do SBT, \u201cUm Ref\u00fagio para o Amor\u201d, sujeito a altera\u00e7\u00e3o de data e conte\u00fado.<\/p>\n<p>Sinopse \u201cUm Ref\u00fagio para o Amor\u201d: Uma hist\u00f3ria de amor entre uma jovem linda, humilde, simples e trabalhadora que gera admira\u00e7\u00e3o entre os homens e inveja entre as mulheres, e que \u00e9 obrigada a fugir de sua cidade, para a capital, encontrando o amor em um homem rico, bonito, de classe, arrogante, amante de esportes radicais e com fama de conquistador, mas que \u00e9 generoso e atencioso. Eles ter\u00e3o que passar por muitas dificuldades para ficarem juntos.<\/p>\n<p>Estrelado por Zuria Vega e Gabriel Soto com um elenco de primeira classe, incluindo Jessica Coch, Roberto Bland\u00f3n, Laura Flores, Jos\u00e9 Carlos Ruiz, entre outros. Um ref\u00fagio para o amor \u00e9 uma novela mexicana produzida por Ignacio Sada Madero, originalmente por Delia Fiallo e adaptada por Georgina Tinoco.<\/p>\n","protected":false},"excerpt":{"rendered":"<p>Resumo da novela \u201cUm Ref\u00fagio para o Amor\u201d em 13\/07: no cap\u00edtulo 014(*) da novela, Roselena vai visitar a campa de Aurora e encontra Cl\u00e1udio que lhe agradece por tudo o que fez pela sua esposa e pela sua filha. Luciana faz anos e tira o dia de folga, o que deixa Roselena furiosa. Patr\u00edcio [&hellip;]<\/p>\n","protected":false},"author":2,"featured_media":233921,"comment_status":"closed","ping_status":"closed","sticky":false,"template":"","format":"standard","meta":{"tdm_status":"","tdm_grid_status":"","footnotes":""},"categories":[379,2025,372,343,2310],"tags":[441],"class_list":{"0":"post-234761","1":"post","2":"type-post","3":"status-publish","4":"format-standard","5":"has-post-thumbnail","7":"category-novelas","8":"category-resumo","9":"category-sbt","10":"category-televisao","11":"category-um-refugio-para-o-amor","12":"tag-resumo-do-dia"},"_links":{"self":[{"href":"https:\/\/migracao.redenoticia.com.br\/noticia\/wp-json\/wp\/v2\/posts\/234761","targetHints":{"allow":["GET"]}}],"collection":[{"href":"https:\/\/migracao.redenoticia.com.br\/noticia\/wp-json\/wp\/v2\/posts"}],"about":[{"href":"https:\/\/migracao.redenoticia.com.br\/noticia\/wp-json\/wp\/v2\/types\/post"}],"author":[{"embeddable":true,"href":"https:\/\/migracao.redenoticia.com.br\/noticia\/wp-json\/wp\/v2\/users\/2"}],"replies":[{"embeddable":true,"href":"https:\/\/migracao.redenoticia.com.br\/noticia\/wp-json\/wp\/v2\/comments?post=234761"}],"version-history":[{"count":0,"href":"https:\/\/migracao.redenoticia.com.br\/noticia\/wp-json\/wp\/v2\/posts\/234761\/revisions"}],"wp:featuredmedia":[{"embeddable":true,"href":"https:\/\/migracao.redenoticia.com.br\/noticia\/wp-json\/wp\/v2\/media\/233921"}],"wp:attachment":[{"href":"https:\/\/migracao.redenoticia.com.br\/noticia\/wp-json\/wp\/v2\/media?parent=234761"}],"wp:term":[{"taxonomy":"category","embeddable":true,"href":"https:\/\/migracao.redenoticia.com.br\/noticia\/wp-json\/wp\/v2\/categories?post=234761"},{"taxonomy":"post_tag","embeddable":true,"href":"https:\/\/migracao.redenoticia.com.br\/noticia\/wp-json\/wp\/v2\/tags?post=234761"}],"curies":[{"name":"wp","href":"https:\/\/api.w.org\/{rel}","templated":true}]}}