{"id":234799,"date":"2023-07-13T14:34:52","date_gmt":"2023-07-13T17:34:52","guid":{"rendered":"https:\/\/www.redenoticia.com.br\/noticia\/?p=234799"},"modified":"2023-07-13T14:34:52","modified_gmt":"2023-07-13T17:34:52","slug":"resumo-terra-e-paixao-14-07-ramiro-ataca-aline","status":"publish","type":"post","link":"https:\/\/migracao.redenoticia.com.br\/noticia\/2023\/resumo-terra-e-paixao-14-07-ramiro-ataca-aline\/234799","title":{"rendered":"Resumo &#8220;Terra e Paix\u00e3o&#8221; 14\/07: Ramiro ataca Aline"},"content":{"rendered":"<p> <img loading=\"lazy\" decoding=\"async\" src=\"https:\/\/migracao.redenoticia.com.br\/noticia\/imagens\/novela-terra-e-paixao-resumo.jpg\" alt=\"\" width=\"1280\" height=\"720\" class=\"aligncenter size-full wp-image-231930\" srcset=\"https:\/\/migracao.redenoticia.com.br\/noticia\/imagens\/novela-terra-e-paixao-resumo.jpg 1280w, https:\/\/migracao.redenoticia.com.br\/noticia\/imagens\/novela-terra-e-paixao-resumo-250x140.jpg 250w, https:\/\/migracao.redenoticia.com.br\/noticia\/imagens\/novela-terra-e-paixao-resumo-400x225.jpg 400w, https:\/\/migracao.redenoticia.com.br\/noticia\/imagens\/novela-terra-e-paixao-resumo-768x432.jpg 768w, https:\/\/migracao.redenoticia.com.br\/noticia\/imagens\/novela-terra-e-paixao-resumo-150x84.jpg 150w\" sizes=\"auto, (max-width: 1280px) 100vw, 1280px\" \/> <\/p>\n<p><strong><em>Resumo da novela &#8220;Terra e Paix\u00e3o&#8221;<\/em><\/strong> em 14\/07: no cap\u00edtulo 059(*) da novela, Um homem desconhecido examina as terras de Aline. Ant\u00f4nio diz a Caio que acha que \u00e9 sua obriga\u00e7\u00e3o cuidar do filho de Daniel. Caio promete ao pai que pensar\u00e1 sobre se casar com Gra\u00e7a. Ademir resolve fazer o teste de DNA para saber se \u00e9 pai de Rosa. Um ge\u00f3logo confirma para Ant\u00f4nio que as terras de Aline cont\u00e9m riquezas. Ant\u00f4nio manda Ramiro se livrar de Aline.   <\/p>\n<p>Ramiro ataca Aline, que \u00e9 salva por Caio. Jonatas comenta com Caio que a seguradora n\u00e3o pagar\u00e1 a indeniza\u00e7\u00e3o para Aline porque o inc\u00eandio foi criminoso. Aline conta a Caio que Ramiro tentou mat\u00e1-la. Irene provoca Angelina. Nina flagra Luigi com Anely. Aline diz a Caio que os dois nunca seriam felizes juntos por causa da morte de Daniel. Ant\u00f4nio se nega a atender ao pedido de Irene para demitir Angelina. Ramiro confirma para Irene que Ant\u00f4nio est\u00e1 se encontrando com Berenice. Franco se declara para Yandara. Menah defende Mara e amea\u00e7a Elias. Luigi pede a Ant\u00f4nio para Anely ser sua secret\u00e1ria. Ramiro solta um animal pe\u00e7onhento no arm\u00e1rio de Berenice a pedido de Irene. Ant\u00f4nio promete a Daniel deixar a vida de Aline a salvo se o filho se casar com Gra\u00e7a. Caio pede Gra\u00e7a em casamento.<\/p>\n<p>Caio deixa claro para Gra\u00e7a que vai casar com ela por Daniel. Lucinda elogia Nina para Jonatas. Berenice leva um susto ao ver um animal pe\u00e7onhento no arm\u00e1rio e vai atr\u00e1s do respons\u00e1vel.Nina n\u00e3o aceita reatar com Jonatas. Marino prende Andrade ao flagr\u00e1-lo com Lucinda. Kelvin conta a Berenice que foi Irene quem mandou Ramiro colocar a cascavel no quarto da patroa. Aline confessa a Jussara que gostou de ficar com Caio. Caio pede a Luigi que o ensine como se portar e ter boas maneiras. Gladys aconselha Gra\u00e7a a n\u00e3o se encontrar mais com o delegado. Berenice invade a casa de Irene. <\/p>\n<p>(*) edi\u00e7\u00e3o das novelas da Globo, &#8220;Terra e Paix\u00e3o&#8221;, sujeito a altera\u00e7\u00e3o de data e conte\u00fado.<\/p>\n<p>Sinopse &#8220;Terra e Paix\u00e3o&#8221;: Aline vive ao lado do marido Samuel e do filho Jo\u00e3o. Ap\u00f3s um atentado em sua casa, v\u00ea-se sozinha com o menino diante das terras deixadas pelo marido. Aline aprende a plantar com a ajuda de Jonatas, um amigo fiel. Al\u00e9m de contar com ele, tem ao seu lado sua m\u00e3e. Aline se aproxima dos irm\u00e3os Caio e Daniel, filhos do poderoso fazendeiro Ant\u00f4nio, com quem precisa brigar para manter suas terras. Ao lado dos dois rapazes, descobre sentimentos novos. Ant\u00f4nio La Selva \u00e9 casado com Irene com quem tem dois filhos, Daniel e Petra. Ele foi muito apaixonado por Agatha, com quem teve Caio, e culpa o rapaz pela morte da m\u00e3e no pr\u00e9-parto. <\/p>\n","protected":false},"excerpt":{"rendered":"<p>Resumo da novela &#8220;Terra e Paix\u00e3o&#8221; em 14\/07: no cap\u00edtulo 059(*) da novela, Um homem desconhecido examina as terras de Aline. Ant\u00f4nio diz a Caio que acha que \u00e9 sua obriga\u00e7\u00e3o cuidar do filho de Daniel. Caio promete ao pai que pensar\u00e1 sobre se casar com Gra\u00e7a. Ademir resolve fazer o teste de DNA para [&hellip;]<\/p>\n","protected":false},"author":3,"featured_media":231928,"comment_status":"closed","ping_status":"closed","sticky":false,"template":"","format":"standard","meta":{"tdm_status":"","tdm_grid_status":"","footnotes":""},"categories":[379,375,2025,343,2305],"tags":[441],"class_list":{"0":"post-234799","1":"post","2":"type-post","3":"status-publish","4":"format-standard","5":"has-post-thumbnail","7":"category-novelas","8":"category-rede-globo","9":"category-resumo","10":"category-televisao","11":"category-terra-e-paixao","12":"tag-resumo-do-dia"},"_links":{"self":[{"href":"https:\/\/migracao.redenoticia.com.br\/noticia\/wp-json\/wp\/v2\/posts\/234799","targetHints":{"allow":["GET"]}}],"collection":[{"href":"https:\/\/migracao.redenoticia.com.br\/noticia\/wp-json\/wp\/v2\/posts"}],"about":[{"href":"https:\/\/migracao.redenoticia.com.br\/noticia\/wp-json\/wp\/v2\/types\/post"}],"author":[{"embeddable":true,"href":"https:\/\/migracao.redenoticia.com.br\/noticia\/wp-json\/wp\/v2\/users\/3"}],"replies":[{"embeddable":true,"href":"https:\/\/migracao.redenoticia.com.br\/noticia\/wp-json\/wp\/v2\/comments?post=234799"}],"version-history":[{"count":0,"href":"https:\/\/migracao.redenoticia.com.br\/noticia\/wp-json\/wp\/v2\/posts\/234799\/revisions"}],"wp:featuredmedia":[{"embeddable":true,"href":"https:\/\/migracao.redenoticia.com.br\/noticia\/wp-json\/wp\/v2\/media\/231928"}],"wp:attachment":[{"href":"https:\/\/migracao.redenoticia.com.br\/noticia\/wp-json\/wp\/v2\/media?parent=234799"}],"wp:term":[{"taxonomy":"category","embeddable":true,"href":"https:\/\/migracao.redenoticia.com.br\/noticia\/wp-json\/wp\/v2\/categories?post=234799"},{"taxonomy":"post_tag","embeddable":true,"href":"https:\/\/migracao.redenoticia.com.br\/noticia\/wp-json\/wp\/v2\/tags?post=234799"}],"curies":[{"name":"wp","href":"https:\/\/api.w.org\/{rel}","templated":true}]}}