{"id":234842,"date":"2023-07-15T16:05:51","date_gmt":"2023-07-15T19:05:51","guid":{"rendered":"https:\/\/www.redenoticia.com.br\/noticia\/?p=234842"},"modified":"2023-07-15T16:06:03","modified_gmt":"2023-07-15T19:06:03","slug":"resumo-terra-e-paixao-17-07-jussara-aconselha-aline-a-lutar-por-caio","status":"publish","type":"post","link":"https:\/\/migracao.redenoticia.com.br\/noticia\/2023\/resumo-terra-e-paixao-17-07-jussara-aconselha-aline-a-lutar-por-caio\/234842","title":{"rendered":"Resumo &#8220;Terra e Paix\u00e3o&#8221; 17\/07: Jussara aconselha Aline a lutar por Caio"},"content":{"rendered":"<p><img loading=\"lazy\" decoding=\"async\" src=\"https:\/\/migracao.redenoticia.com.br\/noticia\/imagens\/novela-terra-e-paixao-resumo.jpg\" alt=\"\" width=\"1280\" height=\"720\" class=\"aligncenter size-full wp-image-231930\" srcset=\"https:\/\/migracao.redenoticia.com.br\/noticia\/imagens\/novela-terra-e-paixao-resumo.jpg 1280w, https:\/\/migracao.redenoticia.com.br\/noticia\/imagens\/novela-terra-e-paixao-resumo-250x140.jpg 250w, https:\/\/migracao.redenoticia.com.br\/noticia\/imagens\/novela-terra-e-paixao-resumo-400x225.jpg 400w, https:\/\/migracao.redenoticia.com.br\/noticia\/imagens\/novela-terra-e-paixao-resumo-768x432.jpg 768w, https:\/\/migracao.redenoticia.com.br\/noticia\/imagens\/novela-terra-e-paixao-resumo-150x84.jpg 150w\" sizes=\"auto, (max-width: 1280px) 100vw, 1280px\" \/> <\/p>\n<p><strong><em>Resumo da novela &#8220;Terra e Paix\u00e3o&#8221;<\/em><\/strong> em 17\/07: no cap\u00edtulo 061(*) da novela, Berenice invade a casa de Irene. Irene e Berenice trocam ofensas. Ant\u00f4nio garante a Silv\u00e9rio e Vin\u00edcius, ge\u00f3logo, que remover\u00e1 Aline de suas terras. Jussara decide colocar sua casa \u00e0 venda para ajudar Aline a pagar as d\u00edvidas. M\u00e9dico orienta Luigi quanto ao retorno de Petra para casa. Franco n\u00e3o estende o prazo para Aline pagar a segunda parcela da d\u00edvida. Jonatas se oferece para ajudar Aline. Aline coloca a casa de Jussara \u00e0 venda. Marino se recusa a sair da pousada, apesar de Andrade ter pedido para ele se retirar. Ademir anuncia a Flor que ele \u00e9 pai de Rosa, e diz que pedir\u00e1 a guarda da menina. Flor se recusa a ficar longe de Rosa. Caio se oferece para pagar a d\u00edvida de Aline.<\/p>\n<p>Aline n\u00e3o aceita dinheiro de Caio. Jussara aconselha Aline a lutar por Caio. Anely se prontifica a ajudar Irene contra Berenice. Ademir diz a Flor que prefere colocar Rosa em um convento a deixar a filha com a m\u00e3e. Irene contrata Rodrigo para retirar Berenice do bar. Aline flagra Gladys com Enzo e amea\u00e7a contar para Tadeu caso a diretora da escola n\u00e3o a readmita como professora. A mando de Irene, Kelvin entrega a Rodrigo o papel com as anota\u00e7\u00f5es de C\u00e2ndida. Rodrigo acompanha um oficial de justi\u00e7a para entregar a ordem de despejo a Berenice. Aline pergunta a Ant\u00f4nio o motivo de o produtor ter contratado um ge\u00f3logo para investigar suas terras.<\/p>\n<p>(*) edi\u00e7\u00e3o das novelas da Globo, &#8220;Terra e Paix\u00e3o&#8221;, sujeito a altera\u00e7\u00e3o de data e conte\u00fado.<\/p>\n<p>Sinopse &#8220;Terra e Paix\u00e3o&#8221;: Aline vive ao lado do marido Samuel e do filho Jo\u00e3o. Ap\u00f3s um atentado em sua casa, v\u00ea-se sozinha com o menino diante das terras deixadas pelo marido. Aline aprende a plantar com a ajuda de Jonatas, um amigo fiel. Al\u00e9m de contar com ele, tem ao seu lado sua m\u00e3e. Aline se aproxima dos irm\u00e3os Caio e Daniel, filhos do poderoso fazendeiro Ant\u00f4nio, com quem precisa brigar para manter suas terras. Ao lado dos dois rapazes, descobre sentimentos novos. Ant\u00f4nio La Selva \u00e9 casado com Irene com quem tem dois filhos, Daniel e Petra. Ele foi muito apaixonado por Agatha, com quem teve Caio, e culpa o rapaz pela morte da m\u00e3e no pr\u00e9-parto. <\/p>\n","protected":false},"excerpt":{"rendered":"<p>Resumo da novela &#8220;Terra e Paix\u00e3o&#8221; em 17\/07: no cap\u00edtulo 061(*) da novela, Berenice invade a casa de Irene. Irene e Berenice trocam ofensas. Ant\u00f4nio garante a Silv\u00e9rio e Vin\u00edcius, ge\u00f3logo, que remover\u00e1 Aline de suas terras. Jussara decide colocar sua casa \u00e0 venda para ajudar Aline a pagar as d\u00edvidas. M\u00e9dico orienta Luigi quanto [&hellip;]<\/p>\n","protected":false},"author":2,"featured_media":231928,"comment_status":"closed","ping_status":"closed","sticky":false,"template":"","format":"standard","meta":{"tdm_status":"","tdm_grid_status":"","footnotes":""},"categories":[379,375,2025,343,2305],"tags":[441],"class_list":{"0":"post-234842","1":"post","2":"type-post","3":"status-publish","4":"format-standard","5":"has-post-thumbnail","7":"category-novelas","8":"category-rede-globo","9":"category-resumo","10":"category-televisao","11":"category-terra-e-paixao","12":"tag-resumo-do-dia"},"_links":{"self":[{"href":"https:\/\/migracao.redenoticia.com.br\/noticia\/wp-json\/wp\/v2\/posts\/234842","targetHints":{"allow":["GET"]}}],"collection":[{"href":"https:\/\/migracao.redenoticia.com.br\/noticia\/wp-json\/wp\/v2\/posts"}],"about":[{"href":"https:\/\/migracao.redenoticia.com.br\/noticia\/wp-json\/wp\/v2\/types\/post"}],"author":[{"embeddable":true,"href":"https:\/\/migracao.redenoticia.com.br\/noticia\/wp-json\/wp\/v2\/users\/2"}],"replies":[{"embeddable":true,"href":"https:\/\/migracao.redenoticia.com.br\/noticia\/wp-json\/wp\/v2\/comments?post=234842"}],"version-history":[{"count":0,"href":"https:\/\/migracao.redenoticia.com.br\/noticia\/wp-json\/wp\/v2\/posts\/234842\/revisions"}],"wp:featuredmedia":[{"embeddable":true,"href":"https:\/\/migracao.redenoticia.com.br\/noticia\/wp-json\/wp\/v2\/media\/231928"}],"wp:attachment":[{"href":"https:\/\/migracao.redenoticia.com.br\/noticia\/wp-json\/wp\/v2\/media?parent=234842"}],"wp:term":[{"taxonomy":"category","embeddable":true,"href":"https:\/\/migracao.redenoticia.com.br\/noticia\/wp-json\/wp\/v2\/categories?post=234842"},{"taxonomy":"post_tag","embeddable":true,"href":"https:\/\/migracao.redenoticia.com.br\/noticia\/wp-json\/wp\/v2\/tags?post=234842"}],"curies":[{"name":"wp","href":"https:\/\/api.w.org\/{rel}","templated":true}]}}