{"id":23497,"date":"2010-02-19T10:58:36","date_gmt":"2010-02-19T14:58:36","guid":{"rendered":"http:\/\/www.redenoticia.com.br\/noticia\/?p=23497"},"modified":"2018-08-13T10:50:48","modified_gmt":"2018-08-13T13:50:48","slug":"elieser-lider-e-dourado-anjo-no-bbb-10","status":"publish","type":"post","link":"https:\/\/migracao.redenoticia.com.br\/noticia\/2010\/elieser-lider-e-dourado-anjo-no-bbb-10\/23497","title":{"rendered":"Elieser \u00e9 o L\u00edder e Dourado o Anjo no BBB 10"},"content":{"rendered":"<p><img loading=\"lazy\" decoding=\"async\" class=\"alignleft size-full wp-image-22134\" title=\"BBB 10 Rede Globo\" src=\"https:\/\/migracao.redenoticia.com.br\/noticia\/imagens\/BBB-10-Rede-Globo.jpg\" alt=\"\" width=\"300\" height=\"193\" srcset=\"https:\/\/migracao.redenoticia.com.br\/noticia\/imagens\/BBB-10-Rede-Globo.jpg 300w, https:\/\/migracao.redenoticia.com.br\/noticia\/imagens\/BBB-10-Rede-Globo-250x161.jpg 250w, https:\/\/migracao.redenoticia.com.br\/noticia\/imagens\/BBB-10-Rede-Globo-150x97.jpg 150w\" sizes=\"auto, (max-width: 300px) 100vw, 300px\" \/>Eli\u00e9ser conquistou novamente a <strong><em>lideran\u00e7a<\/em><\/strong> ao formar o maior n\u00famero de pares de sand\u00e1lia, e Dourado se tornou <strong><em>anjo<\/em><\/strong> quando superou os brothers <strong><em>BBB 10<\/em><\/strong> ao recolher o maior n\u00famero de bolinhas brancas e vermelhas. Dourado definiu que Maroca e Serginho v\u00e3o cumprir a divertida tarefa de monstros super her\u00f3is at\u00e9 o pr\u00f3ximo domingo.<\/p>\n<p>Elieser, ap\u00f3s ganhar a lideran\u00e7a BBB 10, chamou Lia para o quarto do l\u00edder e conversou sobre a sua indica\u00e7\u00e3o na primeira lideran\u00e7a. Ele explicou os motivos e Lia tamb\u00e9m falou sobre a press\u00e3o que est\u00e1 sentindo. Claudia aproveitou o encontro para expor que ainda est\u00e1 muito indecisa no jogo, n\u00e3o tem motivos de desconfian\u00e7as e n\u00e3o sabe em quem votar.<\/p>\n<p>Lia est\u00e1 amea\u00e7ada de ir para o pared\u00e3o BBB 10 novamente, tanto pela indica\u00e7\u00e3o do l\u00edder como pelos votos da casa. Sua esperan\u00e7a \u00e9 receber a imunidade do Anjo Dourado.<\/p>\n<p>O programa BBB10 &#8211; o BBB 10 vai ao ar do dia 12 de janeiro at\u00e9 o dia 31 de mar\u00e7o, com uma final que garante ao vencedor da competi\u00e7\u00e3o o pr\u00eamio in\u00e9dito de R$ 1,5 milh\u00e3o.<\/p>\n<p>BBB 10 &#8211; Para festejar a d\u00e9cima edi\u00e7\u00e3o do BBB, o pr\u00eamio para os tr\u00eas finalistas est\u00e1 maior. O vencedor da disputa levar\u00e1 para casa R$ 1,5 milh\u00e3o, livre de impostos. O segundo colocado leva R$ 150 mil e o terceiro, R$ 50 mil. De 2005 at\u00e9 o ano passado, os pr\u00eamios eram, respectivamente, de R$ 1 milh\u00e3o, R$ 100 mil e R$ 30 mil. Mas n\u00e3o s\u00f3 os finalistas ganham no BBB. Durante os quase tr\u00eas meses de confinamento, os participantes realizam provas com pr\u00eamios diversos. Nas edi\u00e7\u00f5es passadas, os sortudos ganharam carros, computadores, eletrodom\u00e9sticos e passeios, entre outras maravilhas.<\/p>\n<p>BBB 10<\/p>\n","protected":false},"excerpt":{"rendered":"<p>Eli\u00e9ser conquistou novamente a lideran\u00e7a ao formar o maior n\u00famero de pares de sand\u00e1lia, e Dourado se tornou anjo quando superou os brothers BBB 10 ao recolher o maior n\u00famero de bolinhas brancas e vermelhas. Dourado definiu que Maroca e Serginho v\u00e3o cumprir a divertida tarefa de monstros super her\u00f3is at\u00e9 o pr\u00f3ximo domingo. Elieser, [&hellip;]<\/p>\n","protected":false},"author":3,"featured_media":22134,"comment_status":"open","ping_status":"open","sticky":false,"template":"","format":"standard","meta":{"tdm_status":"","tdm_grid_status":"","footnotes":""},"categories":[520,22,375,343],"tags":[],"class_list":{"0":"post-23497","1":"post","2":"type-post","3":"status-publish","4":"format-standard","5":"has-post-thumbnail","7":"category-big-brother-brasil","8":"category-brasil","9":"category-rede-globo","10":"category-televisao"},"_links":{"self":[{"href":"https:\/\/migracao.redenoticia.com.br\/noticia\/wp-json\/wp\/v2\/posts\/23497","targetHints":{"allow":["GET"]}}],"collection":[{"href":"https:\/\/migracao.redenoticia.com.br\/noticia\/wp-json\/wp\/v2\/posts"}],"about":[{"href":"https:\/\/migracao.redenoticia.com.br\/noticia\/wp-json\/wp\/v2\/types\/post"}],"author":[{"embeddable":true,"href":"https:\/\/migracao.redenoticia.com.br\/noticia\/wp-json\/wp\/v2\/users\/3"}],"replies":[{"embeddable":true,"href":"https:\/\/migracao.redenoticia.com.br\/noticia\/wp-json\/wp\/v2\/comments?post=23497"}],"version-history":[{"count":0,"href":"https:\/\/migracao.redenoticia.com.br\/noticia\/wp-json\/wp\/v2\/posts\/23497\/revisions"}],"wp:featuredmedia":[{"embeddable":true,"href":"https:\/\/migracao.redenoticia.com.br\/noticia\/wp-json\/wp\/v2\/media\/22134"}],"wp:attachment":[{"href":"https:\/\/migracao.redenoticia.com.br\/noticia\/wp-json\/wp\/v2\/media?parent=23497"}],"wp:term":[{"taxonomy":"category","embeddable":true,"href":"https:\/\/migracao.redenoticia.com.br\/noticia\/wp-json\/wp\/v2\/categories?post=23497"},{"taxonomy":"post_tag","embeddable":true,"href":"https:\/\/migracao.redenoticia.com.br\/noticia\/wp-json\/wp\/v2\/tags?post=23497"}],"curies":[{"name":"wp","href":"https:\/\/api.w.org\/{rel}","templated":true}]}}