{"id":235014,"date":"2023-07-19T15:28:28","date_gmt":"2023-07-19T18:28:28","guid":{"rendered":"https:\/\/www.redenoticia.com.br\/noticia\/?p=235014"},"modified":"2023-07-19T15:28:28","modified_gmt":"2023-07-19T18:28:28","slug":"resumo-a-infancia-de-romeu-e-julieta-20-07-julieta-pede-desculpa-aos-amigos","status":"publish","type":"post","link":"https:\/\/migracao.redenoticia.com.br\/noticia\/2023\/resumo-a-infancia-de-romeu-e-julieta-20-07-julieta-pede-desculpa-aos-amigos\/235014","title":{"rendered":"Resumo \u201cA Inf\u00e2ncia de Romeu e Julieta\u201d 20\/07: Julieta pede desculpa aos amigos"},"content":{"rendered":"<p> <img loading=\"lazy\" decoding=\"async\" src=\"https:\/\/migracao.redenoticia.com.br\/noticia\/imagens\/novela-romeu-e-julieta-sbt-elenco-resumo.jpg\" alt=\"\" width=\"1280\" height=\"720\" class=\"aligncenter size-full wp-image-232242\" srcset=\"https:\/\/migracao.redenoticia.com.br\/noticia\/imagens\/novela-romeu-e-julieta-sbt-elenco-resumo.jpg 1280w, https:\/\/migracao.redenoticia.com.br\/noticia\/imagens\/novela-romeu-e-julieta-sbt-elenco-resumo-250x140.jpg 250w, https:\/\/migracao.redenoticia.com.br\/noticia\/imagens\/novela-romeu-e-julieta-sbt-elenco-resumo-400x225.jpg 400w, https:\/\/migracao.redenoticia.com.br\/noticia\/imagens\/novela-romeu-e-julieta-sbt-elenco-resumo-768x432.jpg 768w, https:\/\/migracao.redenoticia.com.br\/noticia\/imagens\/novela-romeu-e-julieta-sbt-elenco-resumo-150x84.jpg 150w\" sizes=\"auto, (max-width: 1280px) 100vw, 1280px\" \/><\/p>\n<p><strong><em>Resumo da novela \u201cA Inf\u00e2ncia de Romeu e Julieta\u201d<\/em><\/strong> em 20\/07: no cap\u00edtulo 054(*) da novela, Fred se apresenta \u00e0s crian\u00e7as do Pedalzera e, sem saber a verdadeira origem dos meninos, Fred convida as crian\u00e7as para brincar na sua casa com Dimitri. Ap\u00f3s descobrir que Vitor trabalha no Monter Mercado, Fausto comunica a not\u00edcia para H\u00e9lio. Enfurecido, H\u00e9lio vai at\u00e9 o Monter e briga com o filho no novo emprego. Em conjunto, Romeu e Julieta decidem interromper a amizade e seguir rumos diferentes. Aos filhos, Mauro relata que agora vai trabalhar mais tempo de casa e montar uma academia pela regi\u00e3o para poder ficar mais pr\u00f3ximo deles. <\/p>\n<p>Julieta pede desculpa aos amigos por esconder amizade com Romeu e diz que j\u00e1 rompeu rela\u00e7\u00e3o com o garoto. Romeu tamb\u00e9m conta aos amigos que se afastou de Julieta. Na porta da Monter Holding, Vitor se apresenta para Leandro. O velho Monteiro n\u00e3o sabe que ele \u00e9 um Campos. Karen e Patrick se encontram na sorveteria e comemoram o sucesso da separa\u00e7\u00e3o de Romeu e Julieta, ela diz que agora \u00e9 a chance de eles se aproximarem, serem fofos e legais com os amados. Amanda, Mariana, Daniel e Bass\u00e2nio celebram o in\u00edcio de um projeto no Armaz\u00e9m. Telma chega e pergunta o que eles est\u00e3o vibrando. De canto, Telma diz a Daniel que entendeu o motivo de ele desistir da sociedade, j\u00e1 que ele sempre quis fazer o restaurante com Mariana e refor\u00e7a que agora ele vai ser livre. <\/p>\n<p>Vera revela para Leandro que Vitor \u00e9 um Campos, mas como Bernardo e H\u00e9lio est\u00e3o se aproximando, ela acredita ser interessante o Vitor na empresa. Finalmente, Nath consegue imaginar. Bass\u00e2nio conta para P\u00f3rcia que as chefes s\u00e3o \u00f3timas e que est\u00e1 se saindo melhor de que Vitor. Fausto nota afinidade de Bass\u00e2nio e P\u00f3rcia e v\u00ea que precisa tomar outra atitude. Em casa, H\u00e9lio pergunta como Vitor p\u00f4de trair a fam\u00edlia, Vitor explica que est\u00e1 fazendo o que ele pediu: se virar e sair da zona de conforto. H\u00e9lio declara que \u00e9 inaceit\u00e1vel Vitor trabalhar com os inimigos e morar embaixo do seu teto; Vitor que saber se o pai vai expuls\u00e1-lo de casa.<\/p>\n<p>(*) edi\u00e7\u00e3o das novelas do SBT, \u201cA Inf\u00e2ncia de Romeu e Julieta\u201d, sujeito a altera\u00e7\u00e3o de data e conte\u00fado.<\/p>\n<p>Sinopse \u201cA Inf\u00e2ncia de Romeu e Julieta\u201d: A Trama se passa no bairro chamado castanheiras, em que duas fam\u00edlias com propostas diferentes para esse bairro vivem em disc\u00f3rdia, sendo divididas entre os lados Torre (Campos) e Vila (Monteiro).[6] Entretanto, Romeu (Miguel \u00c2ngelo) e Julieta (Vitt\u00f3ria Seixas) se conhecem, da\u00ed em diante, as fam\u00edlias rivais t\u00eam uma nova oportunidade de trazer paz e uni\u00e3o entre o conv\u00edvio deles. <\/p>\n<p>Romeu e Julieta n\u00e3o sabem como v\u00e3o fazer para ficarem juntos. A not\u00edcia do romance chega \u00e0s fam\u00edlias, que n\u00e3o gostam nada da hist\u00f3ria e tratam de afasta-los imediatamente, aprontando v\u00e1rias situa\u00e7\u00f5es. Romeu e Julieta querem acabar com essa hostilidade e tentam ir atr\u00e1s de uma solu\u00e7\u00e3o, mas ao descobrirem mais sobre a hist\u00f3ria de seus pais, percebem que pode ser imposs\u00edvel.<\/p>\n","protected":false},"excerpt":{"rendered":"<p>Resumo da novela \u201cA Inf\u00e2ncia de Romeu e Julieta\u201d em 20\/07: no cap\u00edtulo 054(*) da novela, Fred se apresenta \u00e0s crian\u00e7as do Pedalzera e, sem saber a verdadeira origem dos meninos, Fred convida as crian\u00e7as para brincar na sua casa com Dimitri. Ap\u00f3s descobrir que Vitor trabalha no Monter Mercado, Fausto comunica a not\u00edcia para [&hellip;]<\/p>\n","protected":false},"author":2,"featured_media":232241,"comment_status":"closed","ping_status":"closed","sticky":false,"template":"","format":"standard","meta":{"tdm_status":"","tdm_grid_status":"","footnotes":""},"categories":[2306,379,2025,372,343],"tags":[441],"class_list":{"0":"post-235014","1":"post","2":"type-post","3":"status-publish","4":"format-standard","5":"has-post-thumbnail","7":"category-novela-romeu-e-julieta","8":"category-novelas","9":"category-resumo","10":"category-sbt","11":"category-televisao","12":"tag-resumo-do-dia"},"_links":{"self":[{"href":"https:\/\/migracao.redenoticia.com.br\/noticia\/wp-json\/wp\/v2\/posts\/235014","targetHints":{"allow":["GET"]}}],"collection":[{"href":"https:\/\/migracao.redenoticia.com.br\/noticia\/wp-json\/wp\/v2\/posts"}],"about":[{"href":"https:\/\/migracao.redenoticia.com.br\/noticia\/wp-json\/wp\/v2\/types\/post"}],"author":[{"embeddable":true,"href":"https:\/\/migracao.redenoticia.com.br\/noticia\/wp-json\/wp\/v2\/users\/2"}],"replies":[{"embeddable":true,"href":"https:\/\/migracao.redenoticia.com.br\/noticia\/wp-json\/wp\/v2\/comments?post=235014"}],"version-history":[{"count":0,"href":"https:\/\/migracao.redenoticia.com.br\/noticia\/wp-json\/wp\/v2\/posts\/235014\/revisions"}],"wp:featuredmedia":[{"embeddable":true,"href":"https:\/\/migracao.redenoticia.com.br\/noticia\/wp-json\/wp\/v2\/media\/232241"}],"wp:attachment":[{"href":"https:\/\/migracao.redenoticia.com.br\/noticia\/wp-json\/wp\/v2\/media?parent=235014"}],"wp:term":[{"taxonomy":"category","embeddable":true,"href":"https:\/\/migracao.redenoticia.com.br\/noticia\/wp-json\/wp\/v2\/categories?post=235014"},{"taxonomy":"post_tag","embeddable":true,"href":"https:\/\/migracao.redenoticia.com.br\/noticia\/wp-json\/wp\/v2\/tags?post=235014"}],"curies":[{"name":"wp","href":"https:\/\/api.w.org\/{rel}","templated":true}]}}