{"id":235059,"date":"2023-07-20T15:21:12","date_gmt":"2023-07-20T18:21:12","guid":{"rendered":"https:\/\/www.redenoticia.com.br\/noticia\/?p=235059"},"modified":"2023-07-20T15:21:12","modified_gmt":"2023-07-20T18:21:12","slug":"resumo-a-infancia-de-romeu-e-julieta-21-07-telma-questiona-mauro-sobre-sua-esposa","status":"publish","type":"post","link":"https:\/\/migracao.redenoticia.com.br\/noticia\/2023\/resumo-a-infancia-de-romeu-e-julieta-21-07-telma-questiona-mauro-sobre-sua-esposa\/235059","title":{"rendered":"Resumo \u201cA Inf\u00e2ncia de Romeu e Julieta\u201d 21\/07: Telma questiona Mauro sobre sua esposa"},"content":{"rendered":"<p> <img loading=\"lazy\" decoding=\"async\" src=\"https:\/\/migracao.redenoticia.com.br\/noticia\/imagens\/novela-romeu-e-julieta-sbt-elenco-resumo.jpg\" alt=\"\" width=\"1280\" height=\"720\" class=\"aligncenter size-full wp-image-232242\" srcset=\"https:\/\/migracao.redenoticia.com.br\/noticia\/imagens\/novela-romeu-e-julieta-sbt-elenco-resumo.jpg 1280w, https:\/\/migracao.redenoticia.com.br\/noticia\/imagens\/novela-romeu-e-julieta-sbt-elenco-resumo-250x140.jpg 250w, https:\/\/migracao.redenoticia.com.br\/noticia\/imagens\/novela-romeu-e-julieta-sbt-elenco-resumo-400x225.jpg 400w, https:\/\/migracao.redenoticia.com.br\/noticia\/imagens\/novela-romeu-e-julieta-sbt-elenco-resumo-768x432.jpg 768w, https:\/\/migracao.redenoticia.com.br\/noticia\/imagens\/novela-romeu-e-julieta-sbt-elenco-resumo-150x84.jpg 150w\" sizes=\"auto, (max-width: 1280px) 100vw, 1280px\" \/><\/p>\n<p><strong><em>Resumo da novela \u201cA Inf\u00e2ncia de Romeu e Julieta\u201d<\/em><\/strong> em 21\/07: no cap\u00edtulo 055(*) da novela, Clara acalma os \u00e2nimos entre H\u00e9lio e Vitor. No esconderijo, Pedalzera cobra Cr\u00e2nio por mentir sobre estilo de vida. Cr\u00e2nio responde que se ele continuar no grupo, os amigos podem ter passe livre para o Residencial Verona. Telma desabafa com as filhas sobre a situa\u00e7\u00e3o com Daniel, e elas nem d\u00e3o ouvidos. Pedalzera derruba Fausto quando ele tenta cont\u00ea-los no condom\u00ednio. <\/p>\n<p>Fred diz a Glaucia que achou os amigos de Dimitri educados, mas Glaucia tem a impress\u00e3o que eles est\u00e3o levando o filho para o mau caminho. L\u00edvia e Alex pedem delivery, os pedidos v\u00eam trocados, e Mauro e Telma se encontram para destrocar as sacolas. Telma questiona Mauro sobre sua esposa. Mariana pergunta para Vitor como ele consegue trabalhar com os rivais depois de tudo o que fizeram a ela e acrescenta que em breve ele vai ser descartado. <\/p>\n<p>Julieta e Romeu recebem cartas citando que o segredo deles n\u00e3o vai durar por muito tempo. Telma pergunta sobre a m\u00e3e do Alex para Karen. A filha comenta que Alex n\u00e3o gosta de falar sobre o assunto, mas que ela sofreu um acidente e nunca encontraram o corpo, encerrando as buscas por acreditarem que ela morreu. Com dor nas costas, Fausto faz drama para P\u00f3rcia cuidar dele. Vera contrata um novo preparador f\u00edsico para os treinos de Romeu. Leandro entra na Monter e Vitor arruma sua postura. Leandro pergunta o que Vitor quer na empresa dele.<\/p>\n<p>(*) edi\u00e7\u00e3o das novelas do SBT, \u201cA Inf\u00e2ncia de Romeu e Julieta\u201d, sujeito a altera\u00e7\u00e3o de data e conte\u00fado.<\/p>\n<p>Sinopse \u201cA Inf\u00e2ncia de Romeu e Julieta\u201d: A Trama se passa no bairro chamado castanheiras, em que duas fam\u00edlias com propostas diferentes para esse bairro vivem em disc\u00f3rdia, sendo divididas entre os lados Torre (Campos) e Vila (Monteiro).[6] Entretanto, Romeu (Miguel \u00c2ngelo) e Julieta (Vitt\u00f3ria Seixas) se conhecem, da\u00ed em diante, as fam\u00edlias rivais t\u00eam uma nova oportunidade de trazer paz e uni\u00e3o entre o conv\u00edvio deles. <\/p>\n<p>Romeu e Julieta n\u00e3o sabem como v\u00e3o fazer para ficarem juntos. A not\u00edcia do romance chega \u00e0s fam\u00edlias, que n\u00e3o gostam nada da hist\u00f3ria e tratam de afasta-los imediatamente, aprontando v\u00e1rias situa\u00e7\u00f5es. Romeu e Julieta querem acabar com essa hostilidade e tentam ir atr\u00e1s de uma solu\u00e7\u00e3o, mas ao descobrirem mais sobre a hist\u00f3ria de seus pais, percebem que pode ser imposs\u00edvel.<\/p>\n","protected":false},"excerpt":{"rendered":"<p>Resumo da novela \u201cA Inf\u00e2ncia de Romeu e Julieta\u201d em 21\/07: no cap\u00edtulo 055(*) da novela, Clara acalma os \u00e2nimos entre H\u00e9lio e Vitor. No esconderijo, Pedalzera cobra Cr\u00e2nio por mentir sobre estilo de vida. Cr\u00e2nio responde que se ele continuar no grupo, os amigos podem ter passe livre para o Residencial Verona. Telma desabafa [&hellip;]<\/p>\n","protected":false},"author":3,"featured_media":232241,"comment_status":"closed","ping_status":"closed","sticky":false,"template":"","format":"standard","meta":{"tdm_status":"","tdm_grid_status":"","footnotes":""},"categories":[2306,379,2025,372,343],"tags":[441],"class_list":{"0":"post-235059","1":"post","2":"type-post","3":"status-publish","4":"format-standard","5":"has-post-thumbnail","7":"category-novela-romeu-e-julieta","8":"category-novelas","9":"category-resumo","10":"category-sbt","11":"category-televisao","12":"tag-resumo-do-dia"},"_links":{"self":[{"href":"https:\/\/migracao.redenoticia.com.br\/noticia\/wp-json\/wp\/v2\/posts\/235059","targetHints":{"allow":["GET"]}}],"collection":[{"href":"https:\/\/migracao.redenoticia.com.br\/noticia\/wp-json\/wp\/v2\/posts"}],"about":[{"href":"https:\/\/migracao.redenoticia.com.br\/noticia\/wp-json\/wp\/v2\/types\/post"}],"author":[{"embeddable":true,"href":"https:\/\/migracao.redenoticia.com.br\/noticia\/wp-json\/wp\/v2\/users\/3"}],"replies":[{"embeddable":true,"href":"https:\/\/migracao.redenoticia.com.br\/noticia\/wp-json\/wp\/v2\/comments?post=235059"}],"version-history":[{"count":0,"href":"https:\/\/migracao.redenoticia.com.br\/noticia\/wp-json\/wp\/v2\/posts\/235059\/revisions"}],"wp:featuredmedia":[{"embeddable":true,"href":"https:\/\/migracao.redenoticia.com.br\/noticia\/wp-json\/wp\/v2\/media\/232241"}],"wp:attachment":[{"href":"https:\/\/migracao.redenoticia.com.br\/noticia\/wp-json\/wp\/v2\/media?parent=235059"}],"wp:term":[{"taxonomy":"category","embeddable":true,"href":"https:\/\/migracao.redenoticia.com.br\/noticia\/wp-json\/wp\/v2\/categories?post=235059"},{"taxonomy":"post_tag","embeddable":true,"href":"https:\/\/migracao.redenoticia.com.br\/noticia\/wp-json\/wp\/v2\/tags?post=235059"}],"curies":[{"name":"wp","href":"https:\/\/api.w.org\/{rel}","templated":true}]}}