{"id":235063,"date":"2023-07-20T15:40:49","date_gmt":"2023-07-20T18:40:49","guid":{"rendered":"https:\/\/www.redenoticia.com.br\/noticia\/?p=235063"},"modified":"2023-07-20T19:55:31","modified_gmt":"2023-07-20T22:55:31","slug":"resumo-um-refugio-para-o-amor-21-07-luciana-ve-rodrigo-e-patricio-no-seu-quarto","status":"publish","type":"post","link":"https:\/\/migracao.redenoticia.com.br\/noticia\/2023\/resumo-um-refugio-para-o-amor-21-07-luciana-ve-rodrigo-e-patricio-no-seu-quarto\/235063","title":{"rendered":"Resumo \u201cUm Ref\u00fagio para o Amor\u201d 21\/07: Rodrigo diz que vai casar para n\u00e3o magoar Clara"},"content":{"rendered":"<p> <img loading=\"lazy\" decoding=\"async\" src=\"https:\/\/migracao.redenoticia.com.br\/noticia\/imagens\/um-refugio-para-o-amor-novela-resumo-sbt.jpg.jpg\" alt=\"\" width=\"1280\" height=\"720\" class=\"aligncenter size-full wp-image-233922\" srcset=\"https:\/\/migracao.redenoticia.com.br\/noticia\/imagens\/um-refugio-para-o-amor-novela-resumo-sbt.jpg.jpg 1280w, https:\/\/migracao.redenoticia.com.br\/noticia\/imagens\/um-refugio-para-o-amor-novela-resumo-sbt.jpg-250x140.jpg 250w, https:\/\/migracao.redenoticia.com.br\/noticia\/imagens\/um-refugio-para-o-amor-novela-resumo-sbt.jpg-400x225.jpg 400w, https:\/\/migracao.redenoticia.com.br\/noticia\/imagens\/um-refugio-para-o-amor-novela-resumo-sbt.jpg-768x432.jpg 768w, https:\/\/migracao.redenoticia.com.br\/noticia\/imagens\/um-refugio-para-o-amor-novela-resumo-sbt.jpg-150x84.jpg 150w\" sizes=\"auto, (max-width: 1280px) 100vw, 1280px\" \/> <\/p>\n<p><strong><em>Resumo da novela \u201cUm Ref\u00fagio para o Amor\u201d<\/em><\/strong> em 21\/07: no cap\u00edtulo 020(*) da novela, Luciana mostra a Jana e Rodrigo as pe\u00e7as de artesanato que faz na sua terra. Jana gosta muito de um cora\u00e7\u00e3o em barro, mas Luciana diz-lhe que esse pertence ao homem da sua vida e oferece-o a Rodrigo. Roselena comenta com Matilde que, desde que encontrou Cl\u00e1udio, n\u00e3o consegue lidar com a culpa. Luciana atende o telefone e assusta-se ao perceber que se trata de Lastra. <\/p>\n<p>Luciana conta a Matilde que Lastra lhe telefonou e sabe onde vive. Matilde aconselha-a a contar tudo a Patr\u00edcio e a pedir-lhe ajuda. Rodrigo comenta com Gabriel que vai casar com Clara apenas para n\u00e3o a magoar e ela ouve tudo. Maximino comenta com Constan\u00e7a que Roselena est\u00e1 obcecada com o sentimento de culpa e que Constan\u00e7a a faz lembrar Aurora. <\/p>\n<p>Maximino manda investigar Cl\u00e1udio e reunir toda a documenta\u00e7\u00e3o para o prejudicar. Cl\u00e1udio diz que lhe custa come\u00e7ar uma guerra com Maximino porque est\u00e1 muito agradecido a Roselena, mas que n\u00e3o h\u00e1 outra forma. Rodrigo diz ao pai que n\u00e3o compreende porque quer prejudicar Cl\u00e1udio depois de tantos anos de amizade. Cl\u00e1udio e Maximino encontram-se. <\/p>\n<p>(*) edi\u00e7\u00e3o das novelas do SBT, \u201cUm Ref\u00fagio para o Amor\u201d, sujeito a altera\u00e7\u00e3o de data e conte\u00fado.<\/p>\n<p>Sinopse \u201cUm Ref\u00fagio para o Amor\u201d: Uma hist\u00f3ria de amor entre uma jovem linda, humilde, simples e trabalhadora que gera admira\u00e7\u00e3o entre os homens e inveja entre as mulheres, e que \u00e9 obrigada a fugir de sua cidade, para a capital, encontrando o amor em um homem rico, bonito, de classe, arrogante, amante de esportes radicais e com fama de conquistador, mas que \u00e9 generoso e atencioso. Eles ter\u00e3o que passar por muitas dificuldades para ficarem juntos.<\/p>\n<p>Estrelado por Zuria Vega e Gabriel Soto com um elenco de primeira classe, incluindo Jessica Coch, Roberto Bland\u00f3n, Laura Flores, Jos\u00e9 Carlos Ruiz, entre outros. Um ref\u00fagio para o amor \u00e9 uma novela mexicana produzida por Ignacio Sada Madero, originalmente por Delia Fiallo e adaptada por Georgina Tinoco.<\/p>\n","protected":false},"excerpt":{"rendered":"<p>Resumo da novela \u201cUm Ref\u00fagio para o Amor\u201d em 21\/07: no cap\u00edtulo 020(*) da novela, Luciana mostra a Jana e Rodrigo as pe\u00e7as de artesanato que faz na sua terra. Jana gosta muito de um cora\u00e7\u00e3o em barro, mas Luciana diz-lhe que esse pertence ao homem da sua vida e oferece-o a Rodrigo. Roselena comenta [&hellip;]<\/p>\n","protected":false},"author":2,"featured_media":233921,"comment_status":"closed","ping_status":"closed","sticky":false,"template":"","format":"standard","meta":{"tdm_status":"","tdm_grid_status":"","footnotes":""},"categories":[379,2025,372,343,2310],"tags":[441],"class_list":{"0":"post-235063","1":"post","2":"type-post","3":"status-publish","4":"format-standard","5":"has-post-thumbnail","7":"category-novelas","8":"category-resumo","9":"category-sbt","10":"category-televisao","11":"category-um-refugio-para-o-amor","12":"tag-resumo-do-dia"},"_links":{"self":[{"href":"https:\/\/migracao.redenoticia.com.br\/noticia\/wp-json\/wp\/v2\/posts\/235063","targetHints":{"allow":["GET"]}}],"collection":[{"href":"https:\/\/migracao.redenoticia.com.br\/noticia\/wp-json\/wp\/v2\/posts"}],"about":[{"href":"https:\/\/migracao.redenoticia.com.br\/noticia\/wp-json\/wp\/v2\/types\/post"}],"author":[{"embeddable":true,"href":"https:\/\/migracao.redenoticia.com.br\/noticia\/wp-json\/wp\/v2\/users\/2"}],"replies":[{"embeddable":true,"href":"https:\/\/migracao.redenoticia.com.br\/noticia\/wp-json\/wp\/v2\/comments?post=235063"}],"version-history":[{"count":0,"href":"https:\/\/migracao.redenoticia.com.br\/noticia\/wp-json\/wp\/v2\/posts\/235063\/revisions"}],"wp:featuredmedia":[{"embeddable":true,"href":"https:\/\/migracao.redenoticia.com.br\/noticia\/wp-json\/wp\/v2\/media\/233921"}],"wp:attachment":[{"href":"https:\/\/migracao.redenoticia.com.br\/noticia\/wp-json\/wp\/v2\/media?parent=235063"}],"wp:term":[{"taxonomy":"category","embeddable":true,"href":"https:\/\/migracao.redenoticia.com.br\/noticia\/wp-json\/wp\/v2\/categories?post=235063"},{"taxonomy":"post_tag","embeddable":true,"href":"https:\/\/migracao.redenoticia.com.br\/noticia\/wp-json\/wp\/v2\/tags?post=235063"}],"curies":[{"name":"wp","href":"https:\/\/api.w.org\/{rel}","templated":true}]}}