{"id":235105,"date":"2023-07-21T16:09:36","date_gmt":"2023-07-21T19:09:36","guid":{"rendered":"https:\/\/www.redenoticia.com.br\/noticia\/?p=235105"},"modified":"2023-07-21T16:20:00","modified_gmt":"2023-07-21T19:20:00","slug":"resumo-terra-e-paixao-22-07-jussara-nota-um-po-branco-na-taca-de-aline","status":"publish","type":"post","link":"https:\/\/migracao.redenoticia.com.br\/noticia\/2023\/resumo-terra-e-paixao-22-07-jussara-nota-um-po-branco-na-taca-de-aline\/235105","title":{"rendered":"Resumo &#8220;Terra e Paix\u00e3o&#8221; 22\/07: Jussara nota um p\u00f3 branco na ta\u00e7a de Aline"},"content":{"rendered":"<p> <img loading=\"lazy\" decoding=\"async\" src=\"https:\/\/migracao.redenoticia.com.br\/noticia\/imagens\/novela-terra-e-paixao-resumo.jpg\" alt=\"\" width=\"1280\" height=\"720\" class=\"aligncenter size-full wp-image-231930\" srcset=\"https:\/\/migracao.redenoticia.com.br\/noticia\/imagens\/novela-terra-e-paixao-resumo.jpg 1280w, https:\/\/migracao.redenoticia.com.br\/noticia\/imagens\/novela-terra-e-paixao-resumo-250x140.jpg 250w, https:\/\/migracao.redenoticia.com.br\/noticia\/imagens\/novela-terra-e-paixao-resumo-400x225.jpg 400w, https:\/\/migracao.redenoticia.com.br\/noticia\/imagens\/novela-terra-e-paixao-resumo-768x432.jpg 768w, https:\/\/migracao.redenoticia.com.br\/noticia\/imagens\/novela-terra-e-paixao-resumo-150x84.jpg 150w\" sizes=\"auto, (max-width: 1280px) 100vw, 1280px\" \/> <\/p>\n<p><strong><em>Resumo da novela &#8220;Terra e Paix\u00e3o&#8221;<\/em><\/strong> em 22\/07: no cap\u00edtulo 066(*) da novela, Aline recusa a bebida de Irene. Jussara nota um p\u00f3 branco na ta\u00e7a que era destinada a Aline. Jurec\u00ea avisa a Aline que ela est\u00e1 em perigo, e afirma que o mist\u00e9rio que tem em suas terras \u00e9 da riqueza. Ramiro conta a Ant\u00f4nio que sua noiva trabalhar\u00e1 como cozinheira na pousada. Luigi e Irene buscam Petra na cl\u00ednica. Flor aceita ir para casa de Ademir com Rosa como funcion\u00e1ria, deixando claro que n\u00e3o se envolver\u00e1 com ele. Munda decide n\u00e3o se casar mais com Ramiro. Ant\u00f4nio manda Franco impedir que Caio use suas aplica\u00e7\u00f5es para emprestar dinheiro a Aline. Caio pergunta a Irene se ela tentou envenenar Aline. <\/p>\n<p>Caio amea\u00e7a colocar Irene na cadeia e n\u00e3o se casar com Gra\u00e7a, caso algo aconte\u00e7a com Aline. Gra\u00e7a conta a Gladys e a Tadeu que Irene quer tirar a sucess\u00e3o de Caio para dar a Petra. Gentil alerta Jonatas para o perigo que \u00e9 a aproxima\u00e7\u00e3o de Irene com Aline. Rodrigo diz a Caio que n\u00e3o existe nenhuma prova de que Agatha morreu, apesar de Ant\u00f4nio afirmar que enterrou a ex-mulher. Ramiro pede dinheiro a Kelvin para se livrar de Munda. Munda guarda o dinheiro que recebeu de Ramiro no cofre da pousada. Luigi e Anely roubam o dinheiro de Munda. Ramiro se prepara para atropelar Aline.<\/p>\n<p>(*) edi\u00e7\u00e3o das novelas da Globo, &#8220;Terra e Paix\u00e3o&#8221;, sujeito a altera\u00e7\u00e3o de data e conte\u00fado.<\/p>\n<p>Sinopse &#8220;Terra e Paix\u00e3o&#8221;: Aline vive ao lado do marido Samuel e do filho Jo\u00e3o. Ap\u00f3s um atentado em sua casa, v\u00ea-se sozinha com o menino diante das terras deixadas pelo marido. Aline aprende a plantar com a ajuda de Jonatas, um amigo fiel. Al\u00e9m de contar com ele, tem ao seu lado sua m\u00e3e. Aline se aproxima dos irm\u00e3os Caio e Daniel, filhos do poderoso fazendeiro Ant\u00f4nio, com quem precisa brigar para manter suas terras. Ao lado dos dois rapazes, descobre sentimentos novos. Ant\u00f4nio La Selva \u00e9 casado com Irene com quem tem dois filhos, Daniel e Petra. Ele foi muito apaixonado por Agatha, com quem teve Caio, e culpa o rapaz pela morte da m\u00e3e no pr\u00e9-parto. <\/p>\n","protected":false},"excerpt":{"rendered":"<p>Resumo da novela &#8220;Terra e Paix\u00e3o&#8221; em 22\/07: no cap\u00edtulo 066(*) da novela, Aline recusa a bebida de Irene. Jussara nota um p\u00f3 branco na ta\u00e7a que era destinada a Aline. Jurec\u00ea avisa a Aline que ela est\u00e1 em perigo, e afirma que o mist\u00e9rio que tem em suas terras \u00e9 da riqueza. Ramiro conta [&hellip;]<\/p>\n","protected":false},"author":2,"featured_media":231928,"comment_status":"closed","ping_status":"closed","sticky":false,"template":"","format":"standard","meta":{"tdm_status":"","tdm_grid_status":"","footnotes":""},"categories":[379,375,2025,343,2305],"tags":[441],"class_list":{"0":"post-235105","1":"post","2":"type-post","3":"status-publish","4":"format-standard","5":"has-post-thumbnail","7":"category-novelas","8":"category-rede-globo","9":"category-resumo","10":"category-televisao","11":"category-terra-e-paixao","12":"tag-resumo-do-dia"},"_links":{"self":[{"href":"https:\/\/migracao.redenoticia.com.br\/noticia\/wp-json\/wp\/v2\/posts\/235105","targetHints":{"allow":["GET"]}}],"collection":[{"href":"https:\/\/migracao.redenoticia.com.br\/noticia\/wp-json\/wp\/v2\/posts"}],"about":[{"href":"https:\/\/migracao.redenoticia.com.br\/noticia\/wp-json\/wp\/v2\/types\/post"}],"author":[{"embeddable":true,"href":"https:\/\/migracao.redenoticia.com.br\/noticia\/wp-json\/wp\/v2\/users\/2"}],"replies":[{"embeddable":true,"href":"https:\/\/migracao.redenoticia.com.br\/noticia\/wp-json\/wp\/v2\/comments?post=235105"}],"version-history":[{"count":0,"href":"https:\/\/migracao.redenoticia.com.br\/noticia\/wp-json\/wp\/v2\/posts\/235105\/revisions"}],"wp:featuredmedia":[{"embeddable":true,"href":"https:\/\/migracao.redenoticia.com.br\/noticia\/wp-json\/wp\/v2\/media\/231928"}],"wp:attachment":[{"href":"https:\/\/migracao.redenoticia.com.br\/noticia\/wp-json\/wp\/v2\/media?parent=235105"}],"wp:term":[{"taxonomy":"category","embeddable":true,"href":"https:\/\/migracao.redenoticia.com.br\/noticia\/wp-json\/wp\/v2\/categories?post=235105"},{"taxonomy":"post_tag","embeddable":true,"href":"https:\/\/migracao.redenoticia.com.br\/noticia\/wp-json\/wp\/v2\/tags?post=235105"}],"curies":[{"name":"wp","href":"https:\/\/api.w.org\/{rel}","templated":true}]}}