{"id":235188,"date":"2023-07-24T15:53:05","date_gmt":"2023-07-24T18:53:05","guid":{"rendered":"https:\/\/www.redenoticia.com.br\/noticia\/?p=235188"},"modified":"2023-07-24T19:55:32","modified_gmt":"2023-07-24T22:55:32","slug":"resumo-um-refugio-para-o-amor-25-07-roselena-diz-que-rodrigo-envergonha-a-familia","status":"publish","type":"post","link":"https:\/\/migracao.redenoticia.com.br\/noticia\/2023\/resumo-um-refugio-para-o-amor-25-07-roselena-diz-que-rodrigo-envergonha-a-familia\/235188","title":{"rendered":"Resumo \u201cUm Ref\u00fagio para o Amor\u201d 25\/07: Patr\u00edcio diz a Rodrigo que deveria ir para os Estados Unidos"},"content":{"rendered":"<p> <img loading=\"lazy\" decoding=\"async\" src=\"https:\/\/migracao.redenoticia.com.br\/noticia\/imagens\/um-refugio-para-o-amor-novela-resumo-sbt.jpg.jpg\" alt=\"\" width=\"1280\" height=\"720\" class=\"aligncenter size-full wp-image-233922\" srcset=\"https:\/\/migracao.redenoticia.com.br\/noticia\/imagens\/um-refugio-para-o-amor-novela-resumo-sbt.jpg.jpg 1280w, https:\/\/migracao.redenoticia.com.br\/noticia\/imagens\/um-refugio-para-o-amor-novela-resumo-sbt.jpg-250x140.jpg 250w, https:\/\/migracao.redenoticia.com.br\/noticia\/imagens\/um-refugio-para-o-amor-novela-resumo-sbt.jpg-400x225.jpg 400w, https:\/\/migracao.redenoticia.com.br\/noticia\/imagens\/um-refugio-para-o-amor-novela-resumo-sbt.jpg-768x432.jpg 768w, https:\/\/migracao.redenoticia.com.br\/noticia\/imagens\/um-refugio-para-o-amor-novela-resumo-sbt.jpg-150x84.jpg 150w\" sizes=\"auto, (max-width: 1280px) 100vw, 1280px\" \/> <\/p>\n<p><strong><em>Resumo da novela \u201cUm Ref\u00fagio para o Amor\u201d<\/em><\/strong> em 25\/07: no cap\u00edtulo 022(*) da novela, Clara diz a Rodrigo que a humilhou por causa de Luciana, mas ele defende a empregada. Br\u00edgida conta a Luciana que Rodrigo n\u00e3o se casou com Clara e acusa-a de ser culpada pelo que aconteceu. Apesar de compreenderem as suas raz\u00f5es, todos est\u00e3o contra a atitude de Rodrigo. <\/p>\n<p>Patr\u00edcio diz a Rodrigo que deveria ir para os Estados Unidos durante uma temporada para cuidar dos neg\u00f3cios da fam\u00edlia e Roselena acusa-o de envergonhar a fam\u00edlia. Rodrigo diz a Luciana que n\u00e3o casou com Clara porque a ama. Roselena expulsa Luciana de casa e Maximino discute com a mulher por n\u00e3o ter pensado no bem-estar de Patr\u00edcio.<\/p>\n<p>Roselena confessa que, gra\u00e7as \u00e0 atitude do filho, n\u00e3o haver\u00e1 nenhuma igreja que a perdoe nem nenhum padre que a confesse. Clara encontra Rodrigo e pergunta-lhe se a deixou por causa de Luciana. Vicky diz a Maximino que est\u00e1 com umas amigas no Inferno e ele fica muito incomodado. Clara diz a Rodrigo que a esque\u00e7a, pois nunca mais vai voltar a v\u00ea-la. Patr\u00edcio diz \u00e0 m\u00e3e que s\u00f3 vai continuar a terapia se for com a ajuda de Luciana. Rodrigo pede a Jana o n\u00famero de telefone de Luciana.<\/p>\n<p>(*) edi\u00e7\u00e3o das novelas do SBT, \u201cUm Ref\u00fagio para o Amor\u201d, sujeito a altera\u00e7\u00e3o de data e conte\u00fado.<\/p>\n<p>Sinopse \u201cUm Ref\u00fagio para o Amor\u201d: Uma hist\u00f3ria de amor entre uma jovem linda, humilde, simples e trabalhadora que gera admira\u00e7\u00e3o entre os homens e inveja entre as mulheres, e que \u00e9 obrigada a fugir de sua cidade, para a capital, encontrando o amor em um homem rico, bonito, de classe, arrogante, amante de esportes radicais e com fama de conquistador, mas que \u00e9 generoso e atencioso. Eles ter\u00e3o que passar por muitas dificuldades para ficarem juntos.<\/p>\n<p>Estrelado por Zuria Vega e Gabriel Soto com um elenco de primeira classe, incluindo Jessica Coch, Roberto Bland\u00f3n, Laura Flores, Jos\u00e9 Carlos Ruiz, entre outros. Um ref\u00fagio para o amor \u00e9 uma novela mexicana produzida por Ignacio Sada Madero, originalmente por Delia Fiallo e adaptada por Georgina Tinoco.<\/p>\n","protected":false},"excerpt":{"rendered":"<p>Resumo da novela \u201cUm Ref\u00fagio para o Amor\u201d em 25\/07: no cap\u00edtulo 022(*) da novela, Clara diz a Rodrigo que a humilhou por causa de Luciana, mas ele defende a empregada. Br\u00edgida conta a Luciana que Rodrigo n\u00e3o se casou com Clara e acusa-a de ser culpada pelo que aconteceu. Apesar de compreenderem as suas [&hellip;]<\/p>\n","protected":false},"author":2,"featured_media":233921,"comment_status":"closed","ping_status":"closed","sticky":false,"template":"","format":"standard","meta":{"tdm_status":"","tdm_grid_status":"","footnotes":""},"categories":[379,2025,372,343,2310],"tags":[441],"class_list":{"0":"post-235188","1":"post","2":"type-post","3":"status-publish","4":"format-standard","5":"has-post-thumbnail","7":"category-novelas","8":"category-resumo","9":"category-sbt","10":"category-televisao","11":"category-um-refugio-para-o-amor","12":"tag-resumo-do-dia"},"_links":{"self":[{"href":"https:\/\/migracao.redenoticia.com.br\/noticia\/wp-json\/wp\/v2\/posts\/235188","targetHints":{"allow":["GET"]}}],"collection":[{"href":"https:\/\/migracao.redenoticia.com.br\/noticia\/wp-json\/wp\/v2\/posts"}],"about":[{"href":"https:\/\/migracao.redenoticia.com.br\/noticia\/wp-json\/wp\/v2\/types\/post"}],"author":[{"embeddable":true,"href":"https:\/\/migracao.redenoticia.com.br\/noticia\/wp-json\/wp\/v2\/users\/2"}],"replies":[{"embeddable":true,"href":"https:\/\/migracao.redenoticia.com.br\/noticia\/wp-json\/wp\/v2\/comments?post=235188"}],"version-history":[{"count":0,"href":"https:\/\/migracao.redenoticia.com.br\/noticia\/wp-json\/wp\/v2\/posts\/235188\/revisions"}],"wp:featuredmedia":[{"embeddable":true,"href":"https:\/\/migracao.redenoticia.com.br\/noticia\/wp-json\/wp\/v2\/media\/233921"}],"wp:attachment":[{"href":"https:\/\/migracao.redenoticia.com.br\/noticia\/wp-json\/wp\/v2\/media?parent=235188"}],"wp:term":[{"taxonomy":"category","embeddable":true,"href":"https:\/\/migracao.redenoticia.com.br\/noticia\/wp-json\/wp\/v2\/categories?post=235188"},{"taxonomy":"post_tag","embeddable":true,"href":"https:\/\/migracao.redenoticia.com.br\/noticia\/wp-json\/wp\/v2\/tags?post=235188"}],"curies":[{"name":"wp","href":"https:\/\/api.w.org\/{rel}","templated":true}]}}