{"id":235222,"date":"2023-07-25T13:37:34","date_gmt":"2023-07-25T16:37:34","guid":{"rendered":"https:\/\/www.redenoticia.com.br\/noticia\/?p=235222"},"modified":"2023-07-25T13:37:34","modified_gmt":"2023-07-25T16:37:34","slug":"resumo-terra-e-paixao-26-07-gentil-denuncia-antonio","status":"publish","type":"post","link":"https:\/\/migracao.redenoticia.com.br\/noticia\/2023\/resumo-terra-e-paixao-26-07-gentil-denuncia-antonio\/235222","title":{"rendered":"Resumo &#8220;Terra e Paix\u00e3o&#8221; 26\/07: Gentil denuncia Ant\u00f4nio"},"content":{"rendered":"<p> <img loading=\"lazy\" decoding=\"async\" src=\"https:\/\/migracao.redenoticia.com.br\/noticia\/imagens\/novela-terra-e-paixao-resumo.jpg\" alt=\"\" width=\"1280\" height=\"720\" class=\"aligncenter size-full wp-image-231930\" srcset=\"https:\/\/migracao.redenoticia.com.br\/noticia\/imagens\/novela-terra-e-paixao-resumo.jpg 1280w, https:\/\/migracao.redenoticia.com.br\/noticia\/imagens\/novela-terra-e-paixao-resumo-250x140.jpg 250w, https:\/\/migracao.redenoticia.com.br\/noticia\/imagens\/novela-terra-e-paixao-resumo-400x225.jpg 400w, https:\/\/migracao.redenoticia.com.br\/noticia\/imagens\/novela-terra-e-paixao-resumo-768x432.jpg 768w, https:\/\/migracao.redenoticia.com.br\/noticia\/imagens\/novela-terra-e-paixao-resumo-150x84.jpg 150w\" sizes=\"auto, (max-width: 1280px) 100vw, 1280px\" \/> <\/p>\n<p><strong><em>Resumo da novela &#8220;Terra e Paix\u00e3o&#8221;<\/em><\/strong> em 26\/07: no cap\u00edtulo 069(*) da novela, Irene se desculpa com Ant\u00f4nio e pede ao marido que n\u00e3o a impe\u00e7a de se vingar de Aline. Petra revela a Irene que sente ci\u00fames de Luigi com Anely. Rodrigo avisa a Caio que contratou um escrit\u00f3rio de investiga\u00e7\u00e3o em S\u00e3o Paulo para saber se Agatha est\u00e1 viva. Gentil conta a Miro que pretende camuflar drogas no carregamento do caminh\u00e3o de Ant\u00f4nio, para depois fazer uma den\u00fancia. Os funcion\u00e1rios do bar de C\u00e2ndida entram em p\u00e2nico quando Nice, a nova herdeira do local, decide impor novas regras no estabelecimento. Gentil denuncia Ant\u00f4nio. Ayres prende Ant\u00f4nio por tr\u00e1fico de drogas.<\/p>\n<p>Aline comemora a vingan\u00e7a armada por Gentil contra Ant\u00f4nio. Ant\u00f4nio fica furioso quando Silv\u00e9rio diz que n\u00e3o pode tir\u00e1-lo da cadeia. Irene decide ficar na pris\u00e3o com Ant\u00f4nio. Nice amea\u00e7a demitir Luana se ela n\u00e3o aceitar as mudan\u00e7as. Petra conta a Ademir que Ant\u00f4nio foi preso. Aline confronta Ant\u00f4nio na cadeia. Irene promete ajudar Ant\u00f4nio a acabar com Aline. Caio fica decepcionado com Aline. Ayres avisa a Caio que tr\u00e1fico de drogas \u00e9 crime inafian\u00e7\u00e1vel e que Ant\u00f4nio ser\u00e1 conduzido para um pres\u00eddio do estado. Luigi tem acesso \u00e0 lista de pol\u00edticos que Irene mandou para Petra. Ayres avisa a Ant\u00f4nio que recebeu uma ordem para solt\u00e1-lo.<\/p>\n<p>(*) edi\u00e7\u00e3o das novelas da Globo, &#8220;Terra e Paix\u00e3o&#8221;, sujeito a altera\u00e7\u00e3o de data e conte\u00fado.<\/p>\n<p>Sinopse &#8220;Terra e Paix\u00e3o&#8221;: Aline vive ao lado do marido Samuel e do filho Jo\u00e3o. Ap\u00f3s um atentado em sua casa, v\u00ea-se sozinha com o menino diante das terras deixadas pelo marido. Aline aprende a plantar com a ajuda de Jonatas, um amigo fiel. Al\u00e9m de contar com ele, tem ao seu lado sua m\u00e3e. Aline se aproxima dos irm\u00e3os Caio e Daniel, filhos do poderoso fazendeiro Ant\u00f4nio, com quem precisa brigar para manter suas terras. Ao lado dos dois rapazes, descobre sentimentos novos. Ant\u00f4nio La Selva \u00e9 casado com Irene com quem tem dois filhos, Daniel e Petra. Ele foi muito apaixonado por Agatha, com quem teve Caio, e culpa o rapaz pela morte da m\u00e3e no pr\u00e9-parto. <\/p>\n","protected":false},"excerpt":{"rendered":"<p>Resumo da novela &#8220;Terra e Paix\u00e3o&#8221; em 26\/07: no cap\u00edtulo 069(*) da novela, Irene se desculpa com Ant\u00f4nio e pede ao marido que n\u00e3o a impe\u00e7a de se vingar de Aline. Petra revela a Irene que sente ci\u00fames de Luigi com Anely. Rodrigo avisa a Caio que contratou um escrit\u00f3rio de investiga\u00e7\u00e3o em S\u00e3o Paulo [&hellip;]<\/p>\n","protected":false},"author":3,"featured_media":231928,"comment_status":"closed","ping_status":"closed","sticky":false,"template":"","format":"standard","meta":{"tdm_status":"","tdm_grid_status":"","footnotes":""},"categories":[379,375,2025,343,2305],"tags":[441],"class_list":{"0":"post-235222","1":"post","2":"type-post","3":"status-publish","4":"format-standard","5":"has-post-thumbnail","7":"category-novelas","8":"category-rede-globo","9":"category-resumo","10":"category-televisao","11":"category-terra-e-paixao","12":"tag-resumo-do-dia"},"_links":{"self":[{"href":"https:\/\/migracao.redenoticia.com.br\/noticia\/wp-json\/wp\/v2\/posts\/235222","targetHints":{"allow":["GET"]}}],"collection":[{"href":"https:\/\/migracao.redenoticia.com.br\/noticia\/wp-json\/wp\/v2\/posts"}],"about":[{"href":"https:\/\/migracao.redenoticia.com.br\/noticia\/wp-json\/wp\/v2\/types\/post"}],"author":[{"embeddable":true,"href":"https:\/\/migracao.redenoticia.com.br\/noticia\/wp-json\/wp\/v2\/users\/3"}],"replies":[{"embeddable":true,"href":"https:\/\/migracao.redenoticia.com.br\/noticia\/wp-json\/wp\/v2\/comments?post=235222"}],"version-history":[{"count":0,"href":"https:\/\/migracao.redenoticia.com.br\/noticia\/wp-json\/wp\/v2\/posts\/235222\/revisions"}],"wp:featuredmedia":[{"embeddable":true,"href":"https:\/\/migracao.redenoticia.com.br\/noticia\/wp-json\/wp\/v2\/media\/231928"}],"wp:attachment":[{"href":"https:\/\/migracao.redenoticia.com.br\/noticia\/wp-json\/wp\/v2\/media?parent=235222"}],"wp:term":[{"taxonomy":"category","embeddable":true,"href":"https:\/\/migracao.redenoticia.com.br\/noticia\/wp-json\/wp\/v2\/categories?post=235222"},{"taxonomy":"post_tag","embeddable":true,"href":"https:\/\/migracao.redenoticia.com.br\/noticia\/wp-json\/wp\/v2\/tags?post=235222"}],"curies":[{"name":"wp","href":"https:\/\/api.w.org\/{rel}","templated":true}]}}