{"id":235271,"date":"2023-07-26T20:33:33","date_gmt":"2023-07-26T23:33:33","guid":{"rendered":"https:\/\/www.redenoticia.com.br\/noticia\/?p=235271"},"modified":"2023-07-26T20:33:33","modified_gmt":"2023-07-26T23:33:33","slug":"resumo-terra-e-paixao-27-07-irene-decide-ficar-na-prisao-com-antonio","status":"publish","type":"post","link":"https:\/\/migracao.redenoticia.com.br\/noticia\/2023\/resumo-terra-e-paixao-27-07-irene-decide-ficar-na-prisao-com-antonio\/235271","title":{"rendered":"Resumo &#8220;Terra e Paix\u00e3o&#8221; 27\/07: Irene decide ficar na pris\u00e3o com Ant\u00f4nio"},"content":{"rendered":"<p> <img loading=\"lazy\" decoding=\"async\" src=\"https:\/\/migracao.redenoticia.com.br\/noticia\/imagens\/novela-terra-e-paixao-resumo.jpg\" alt=\"\" width=\"1280\" height=\"720\" class=\"aligncenter size-full wp-image-231930\" srcset=\"https:\/\/migracao.redenoticia.com.br\/noticia\/imagens\/novela-terra-e-paixao-resumo.jpg 1280w, https:\/\/migracao.redenoticia.com.br\/noticia\/imagens\/novela-terra-e-paixao-resumo-250x140.jpg 250w, https:\/\/migracao.redenoticia.com.br\/noticia\/imagens\/novela-terra-e-paixao-resumo-400x225.jpg 400w, https:\/\/migracao.redenoticia.com.br\/noticia\/imagens\/novela-terra-e-paixao-resumo-768x432.jpg 768w, https:\/\/migracao.redenoticia.com.br\/noticia\/imagens\/novela-terra-e-paixao-resumo-150x84.jpg 150w\" sizes=\"auto, (max-width: 1280px) 100vw, 1280px\" \/> <\/p>\n<p><strong><em>Resumo da novela &#8220;Terra e Paix\u00e3o&#8221;<\/em><\/strong> em 27\/07: no cap\u00edtulo 070(*) da novela, Aline comemora a vingan\u00e7a armada por Gentil contra Ant\u00f4nio. Ant\u00f4nio fica furioso quando Silv\u00e9rio diz que n\u00e3o pode tir\u00e1-lo da cadeia. Irene decide ficar na pris\u00e3o com Ant\u00f4nio. Nice amea\u00e7a demitir Luana se ela n\u00e3o aceitar as mudan\u00e7as. Petra conta a Ademir que Ant\u00f4nio foi preso. <\/p>\n<p>Aline confronta Ant\u00f4nio na cadeia. Irene promete ajudar Ant\u00f4nio a acabar com Aline. Caio fica decepcionado com Aline. Ayres avisa a Caio que tr\u00e1fico de drogas \u00e9 crime inafian\u00e7\u00e1vel e que Ant\u00f4nio ser\u00e1 conduzido para um pres\u00eddio do estado. Luigi tem acesso \u00e0 lista de pol\u00edticos que Irene mandou para Petra. Ayres avisa a Ant\u00f4nio que recebeu uma ordem para solt\u00e1-lo.<\/p>\n<p>Ant\u00f4nio diz a Caio que o filho o decepcionou por n\u00e3o ter impedido sua pris\u00e3o. Aline pensa em Caio. Ant\u00f4nio diz a Irene que n\u00e3o tem confian\u00e7a total em Luigi. Ant\u00f4nio demonstra gratid\u00e3o a Irene por t\u00ea-lo ajudado a sair da cadeia. Caio e Aline ficam juntos. Vin\u00edcius avisa a Ant\u00f4nio que encontrou pedras valiosas nas terras de Aline. Ant\u00f4nio promete dar dinheiro a Vin\u00edcius em troca de seu sil\u00eancio. <\/p>\n<p>Marino informa a Ant\u00f4nio que foi Gentil quem o denunciou. Ant\u00f4nio amea\u00e7a Gentil. Ant\u00f4nio manda Ramiro passar um servi\u00e7o para Sidney. Menah n\u00e3o aparece em casa e deixa Gentil e Jonatas preocupados. Anely diz a Lucinda que est\u00e1 apaixonada por Luigi. Jonatas chama Ant\u00f4nio de assassino e pergunta a ele pelo paradeiro de Menah.<\/p>\n<p>(*) edi\u00e7\u00e3o das novelas da Globo, &#8220;Terra e Paix\u00e3o&#8221;, sujeito a altera\u00e7\u00e3o de data e conte\u00fado.<\/p>\n<p>Sinopse &#8220;Terra e Paix\u00e3o&#8221;: Aline vive ao lado do marido Samuel e do filho Jo\u00e3o. Ap\u00f3s um atentado em sua casa, v\u00ea-se sozinha com o menino diante das terras deixadas pelo marido. Aline aprende a plantar com a ajuda de Jonatas, um amigo fiel. Al\u00e9m de contar com ele, tem ao seu lado sua m\u00e3e. Aline se aproxima dos irm\u00e3os Caio e Daniel, filhos do poderoso fazendeiro Ant\u00f4nio, com quem precisa brigar para manter suas terras. Ao lado dos dois rapazes, descobre sentimentos novos. Ant\u00f4nio La Selva \u00e9 casado com Irene com quem tem dois filhos, Daniel e Petra. Ele foi muito apaixonado por Agatha, com quem teve Caio, e culpa o rapaz pela morte da m\u00e3e no pr\u00e9-parto. <\/p>\n","protected":false},"excerpt":{"rendered":"<p>Resumo da novela &#8220;Terra e Paix\u00e3o&#8221; em 27\/07: no cap\u00edtulo 070(*) da novela, Aline comemora a vingan\u00e7a armada por Gentil contra Ant\u00f4nio. Ant\u00f4nio fica furioso quando Silv\u00e9rio diz que n\u00e3o pode tir\u00e1-lo da cadeia. Irene decide ficar na pris\u00e3o com Ant\u00f4nio. Nice amea\u00e7a demitir Luana se ela n\u00e3o aceitar as mudan\u00e7as. Petra conta a Ademir [&hellip;]<\/p>\n","protected":false},"author":3,"featured_media":231928,"comment_status":"closed","ping_status":"closed","sticky":false,"template":"","format":"standard","meta":{"tdm_status":"","tdm_grid_status":"","footnotes":""},"categories":[379,375,2025,343,2305],"tags":[441],"class_list":{"0":"post-235271","1":"post","2":"type-post","3":"status-publish","4":"format-standard","5":"has-post-thumbnail","7":"category-novelas","8":"category-rede-globo","9":"category-resumo","10":"category-televisao","11":"category-terra-e-paixao","12":"tag-resumo-do-dia"},"_links":{"self":[{"href":"https:\/\/migracao.redenoticia.com.br\/noticia\/wp-json\/wp\/v2\/posts\/235271","targetHints":{"allow":["GET"]}}],"collection":[{"href":"https:\/\/migracao.redenoticia.com.br\/noticia\/wp-json\/wp\/v2\/posts"}],"about":[{"href":"https:\/\/migracao.redenoticia.com.br\/noticia\/wp-json\/wp\/v2\/types\/post"}],"author":[{"embeddable":true,"href":"https:\/\/migracao.redenoticia.com.br\/noticia\/wp-json\/wp\/v2\/users\/3"}],"replies":[{"embeddable":true,"href":"https:\/\/migracao.redenoticia.com.br\/noticia\/wp-json\/wp\/v2\/comments?post=235271"}],"version-history":[{"count":0,"href":"https:\/\/migracao.redenoticia.com.br\/noticia\/wp-json\/wp\/v2\/posts\/235271\/revisions"}],"wp:featuredmedia":[{"embeddable":true,"href":"https:\/\/migracao.redenoticia.com.br\/noticia\/wp-json\/wp\/v2\/media\/231928"}],"wp:attachment":[{"href":"https:\/\/migracao.redenoticia.com.br\/noticia\/wp-json\/wp\/v2\/media?parent=235271"}],"wp:term":[{"taxonomy":"category","embeddable":true,"href":"https:\/\/migracao.redenoticia.com.br\/noticia\/wp-json\/wp\/v2\/categories?post=235271"},{"taxonomy":"post_tag","embeddable":true,"href":"https:\/\/migracao.redenoticia.com.br\/noticia\/wp-json\/wp\/v2\/tags?post=235271"}],"curies":[{"name":"wp","href":"https:\/\/api.w.org\/{rel}","templated":true}]}}