{"id":2353,"date":"2009-06-04T14:49:30","date_gmt":"2009-06-04T18:49:30","guid":{"rendered":"http:\/\/www.redenoticia.com.br\/noticia\/?p=2353"},"modified":"2009-06-04T14:49:30","modified_gmt":"2009-06-04T18:49:30","slug":"balsa-auxiliara-na-construcao-da-ponte-no-anel-viario-de-ji-parana","status":"publish","type":"post","link":"https:\/\/migracao.redenoticia.com.br\/noticia\/2009\/balsa-auxiliara-na-construcao-da-ponte-no-anel-viario-de-ji-parana\/2353","title":{"rendered":"Balsa auxiliar\u00e1 na constru\u00e7\u00e3o da ponte no Anel Vi\u00e1rio de Ji-Paran\u00e1"},"content":{"rendered":"<p class=\"MsoNormal\"><span style=\"font-size: 11pt; font-family: Arial;\">A empreiteira respons\u00e1vel pela constru\u00e7\u00e3o da ponte sobre rio Machado, no Anel Vi\u00e1rio de Ji-Paran\u00e1, deve receber nesta sexta-feira (05) a balsa que transportar\u00e1 os funcion\u00e1rios e o material de constru\u00e7\u00e3o de um lado para o outro do rio e tamb\u00e9m aos pontos onde ser\u00e3o erguidos os quatro pilares da ponte de 463 metros. conforme especificado no projeto do Departamento de Estrada de Rodagem e Transportes (DER) de Rondonia. A previs\u00e3o de chegada da embarca\u00e7\u00e3o \u00e9 para a tarde desta sexta-feira, e deve come\u00e7ar a funcionar na pr\u00f3xima segunda-feira (8). <\/span><\/p>\n<p><span style=\"font-size: 11pt; font-family: Arial;\">Na \u00faltima quinta-feira o diretor executivo do Departamento, Dilmar Golin, esteve no local para acompanhar o in\u00edcio dos trabalhos. \u201cA empresa recebeu a ordem de servi\u00e7o no \u00faltimo dia 11.<\/span><\/p>\n<p><span style=\"font-size: 11pt; font-family: Arial;\">Conforme o projeto, a constru\u00e7\u00e3o deve durar 150 dias de trabalhos ininterruptos. A ponte custar\u00e1 aos cofres do Estado o montante de R$ 16,7 milh\u00f5es e resolver\u00e1 o intenso tr\u00e2nsito no eixo da BR-364, regi\u00e3o central da cidade. <\/span><\/p>\n<p><span style=\"font-size: 11pt; font-family: Arial;\">Com a conclus\u00e3o da obra, ve\u00edculos pesados precisar\u00e3o fazer o desvio de 13 quil\u00f4metros, ao inv\u00e9s dos 54 necess\u00e1rios atualmente, com sa\u00edda em Presidente M\u00e9dici.\u00a0 O governo do Estado tamb\u00e9m ir\u00e1 asfaltar o trecho de 13 quil\u00f4metros no acesso ao Anel Vi\u00e1rio, concluindo a maior reivindica\u00e7\u00e3o dos moradores de Ji-Paran\u00e1 nos \u00faltimos anos. <\/span><\/p>\n<p class=\"MsoNormal\"><span style=\"font-size: 11pt; font-family: Arial;\"> <\/span><\/p>\n<p class=\"MsoNormal\"><span class=\"textonegrito101\"><span style=\"font-size: 11pt; font-family: Arial; color: windowtext;\">Fonte: <\/span><\/span><span class=\"textoentrerodape1\"><span style=\"font-size: 11pt; font-family: Arial; color: windowtext;\">A\/I DER &#8211; Departamento de Estradas e Rodagem<\/span><\/span><span style=\"font-size: 11pt; font-family: Arial;\"><\/span><\/p>\n","protected":false},"excerpt":{"rendered":"<p>A empreiteira respons\u00e1vel pela constru\u00e7\u00e3o da ponte sobre rio Machado, no Anel Vi\u00e1rio de Ji-Paran\u00e1, deve receber nesta sexta-feira (05) a balsa que transportar\u00e1 os funcion\u00e1rios e o material de constru\u00e7\u00e3o de um lado para o outro do rio e tamb\u00e9m aos pontos onde ser\u00e3o erguidos os quatro pilares da ponte de 463 metros. conforme [&hellip;]<\/p>\n","protected":false},"author":3,"featured_media":0,"comment_status":"open","ping_status":"open","sticky":false,"template":"","format":"standard","meta":{"tdm_status":"","tdm_grid_status":"","footnotes":""},"categories":[22],"tags":[],"class_list":{"0":"post-2353","1":"post","2":"type-post","3":"status-publish","4":"format-standard","6":"category-brasil"},"_links":{"self":[{"href":"https:\/\/migracao.redenoticia.com.br\/noticia\/wp-json\/wp\/v2\/posts\/2353","targetHints":{"allow":["GET"]}}],"collection":[{"href":"https:\/\/migracao.redenoticia.com.br\/noticia\/wp-json\/wp\/v2\/posts"}],"about":[{"href":"https:\/\/migracao.redenoticia.com.br\/noticia\/wp-json\/wp\/v2\/types\/post"}],"author":[{"embeddable":true,"href":"https:\/\/migracao.redenoticia.com.br\/noticia\/wp-json\/wp\/v2\/users\/3"}],"replies":[{"embeddable":true,"href":"https:\/\/migracao.redenoticia.com.br\/noticia\/wp-json\/wp\/v2\/comments?post=2353"}],"version-history":[{"count":0,"href":"https:\/\/migracao.redenoticia.com.br\/noticia\/wp-json\/wp\/v2\/posts\/2353\/revisions"}],"wp:attachment":[{"href":"https:\/\/migracao.redenoticia.com.br\/noticia\/wp-json\/wp\/v2\/media?parent=2353"}],"wp:term":[{"taxonomy":"category","embeddable":true,"href":"https:\/\/migracao.redenoticia.com.br\/noticia\/wp-json\/wp\/v2\/categories?post=2353"},{"taxonomy":"post_tag","embeddable":true,"href":"https:\/\/migracao.redenoticia.com.br\/noticia\/wp-json\/wp\/v2\/tags?post=2353"}],"curies":[{"name":"wp","href":"https:\/\/api.w.org\/{rel}","templated":true}]}}