{"id":235400,"date":"2023-07-30T07:57:51","date_gmt":"2023-07-30T10:57:51","guid":{"rendered":"https:\/\/www.redenoticia.com.br\/noticia\/?p=235400"},"modified":"2023-07-30T10:33:20","modified_gmt":"2023-07-30T13:33:20","slug":"resumo-a-infancia-de-romeu-e-julieta-31-07-mariana-e-vera-proibem-os-filhos-de-se-verem","status":"publish","type":"post","link":"https:\/\/migracao.redenoticia.com.br\/noticia\/2023\/resumo-a-infancia-de-romeu-e-julieta-31-07-mariana-e-vera-proibem-os-filhos-de-se-verem\/235400","title":{"rendered":"Resumo \u201cA Inf\u00e2ncia de Romeu e Julieta\u201d 31\/07: Mariana e Vera pro\u00edbem os filhos de se verem"},"content":{"rendered":"<p> <img loading=\"lazy\" decoding=\"async\" src=\"https:\/\/migracao.redenoticia.com.br\/noticia\/imagens\/novela-romeu-e-julieta-sbt-elenco-resumo.jpg\" alt=\"\" width=\"1280\" height=\"720\" class=\"aligncenter size-full wp-image-232242\" srcset=\"https:\/\/migracao.redenoticia.com.br\/noticia\/imagens\/novela-romeu-e-julieta-sbt-elenco-resumo.jpg 1280w, https:\/\/migracao.redenoticia.com.br\/noticia\/imagens\/novela-romeu-e-julieta-sbt-elenco-resumo-250x140.jpg 250w, https:\/\/migracao.redenoticia.com.br\/noticia\/imagens\/novela-romeu-e-julieta-sbt-elenco-resumo-400x225.jpg 400w, https:\/\/migracao.redenoticia.com.br\/noticia\/imagens\/novela-romeu-e-julieta-sbt-elenco-resumo-768x432.jpg 768w, https:\/\/migracao.redenoticia.com.br\/noticia\/imagens\/novela-romeu-e-julieta-sbt-elenco-resumo-150x84.jpg 150w\" sizes=\"auto, (max-width: 1280px) 100vw, 1280px\" \/><\/p>\n<p><strong><em>Resumo da novela \u201cA Inf\u00e2ncia de Romeu e Julieta\u201d<\/em><\/strong> em 31\/07: no cap\u00edtulo 061(*) da novela, Romeu foge do apartamento para visitar Julieta na casa dela. Telma utiliza o MP3 e coloca a m\u00fasica do ex-marido para as filhas escutarem, mas Karen n\u00e3o gosta de relembrar momentos do pai falecido. Telma explica para Karen que o pai est\u00e1 vivo dentro dela. Romeu sobe na \u00e1rvore e conversa com Julieta que est\u00e1 na sacada; o garoto declara que Julieta \u00e9 linda por fora e por dentro e que a admira muito. Julieta responde Romeu afirmando que ele \u00e9 o menino mais carinhoso que ela conhece. <\/p>\n<p>Atrav\u00e9s do monitoramento pelo celular, Leandro, Vera e Bernardo chegam at\u00e9 a casa da fam\u00edlia Campos e se deparam com Romeu pr\u00f3ximo de Julieta; H\u00e9lio, Clara e Mariana escutam a confus\u00e3o e confrontam os rivais. Romeu e Julieta alegam \u00e0s ambas fam\u00edlias que eles foram educados para serem pessoas corretas e os pais fazem tudo ao contr\u00e1rio. Romeu e Julieta explicam que s\u00e3o melhores amigos e que n\u00e3o v\u00e3o sair da sacada at\u00e9 que as fam\u00edlias se acertem. <\/p>\n<p>Sozinhos no quarto da Julieta, a garota comenta com Romeu que \u00e9 melhor eles cederem para o bem da maioria; Romeu aceita e vai embora. Mais tarde, Mariana briga com Julieta por saber do passado com os Monteiro e mesmo assim se aproximar de Romeu; Julieta diz que gostou do Romeu pelo o que ele \u00e9 e n\u00e3o pela fam\u00edlia. No hall do condom\u00ednio, a fam\u00edlia Monteiro conversa sobre o aborrecimento com Romeu e Fausto espia a cena. J\u00e1 no apartamento, Leandro diz que Romeu se mostrou influenciado e achava que ele era mais esperto. Fausto encontra Glaucia e fala que Romeu e Julieta estavam namorando; ela v\u00ea a oportunidade de Nando se destacar na fam\u00edlia. Mariana e Vera pro\u00edbem os filhos de se verem.<\/p>\n<p>(*) edi\u00e7\u00e3o das novelas do SBT, \u201cA Inf\u00e2ncia de Romeu e Julieta\u201d, sujeito a altera\u00e7\u00e3o de data e conte\u00fado.<\/p>\n<p>Sinopse \u201cA Inf\u00e2ncia de Romeu e Julieta\u201d: A Trama se passa no bairro chamado castanheiras, em que duas fam\u00edlias com propostas diferentes para esse bairro vivem em disc\u00f3rdia, sendo divididas entre os lados Torre (Campos) e Vila (Monteiro).[6] Entretanto, Romeu (Miguel \u00c2ngelo) e Julieta (Vitt\u00f3ria Seixas) se conhecem, da\u00ed em diante, as fam\u00edlias rivais t\u00eam uma nova oportunidade de trazer paz e uni\u00e3o entre o conv\u00edvio deles. <\/p>\n<p>Romeu e Julieta n\u00e3o sabem como v\u00e3o fazer para ficarem juntos. A not\u00edcia do romance chega \u00e0s fam\u00edlias, que n\u00e3o gostam nada da hist\u00f3ria e tratam de afasta-los imediatamente, aprontando v\u00e1rias situa\u00e7\u00f5es. Romeu e Julieta querem acabar com essa hostilidade e tentam ir atr\u00e1s de uma solu\u00e7\u00e3o, mas ao descobrirem mais sobre a hist\u00f3ria de seus pais, percebem que pode ser imposs\u00edvel.<\/p>\n","protected":false},"excerpt":{"rendered":"<p>Resumo da novela \u201cA Inf\u00e2ncia de Romeu e Julieta\u201d em 31\/07: no cap\u00edtulo 061(*) da novela, Romeu foge do apartamento para visitar Julieta na casa dela. Telma utiliza o MP3 e coloca a m\u00fasica do ex-marido para as filhas escutarem, mas Karen n\u00e3o gosta de relembrar momentos do pai falecido. Telma explica para Karen que [&hellip;]<\/p>\n","protected":false},"author":5,"featured_media":232241,"comment_status":"closed","ping_status":"closed","sticky":false,"template":"","format":"standard","meta":{"tdm_status":"","tdm_grid_status":"","footnotes":""},"categories":[2306,379,2025,372,343],"tags":[441],"class_list":{"0":"post-235400","1":"post","2":"type-post","3":"status-publish","4":"format-standard","5":"has-post-thumbnail","7":"category-novela-romeu-e-julieta","8":"category-novelas","9":"category-resumo","10":"category-sbt","11":"category-televisao","12":"tag-resumo-do-dia"},"_links":{"self":[{"href":"https:\/\/migracao.redenoticia.com.br\/noticia\/wp-json\/wp\/v2\/posts\/235400","targetHints":{"allow":["GET"]}}],"collection":[{"href":"https:\/\/migracao.redenoticia.com.br\/noticia\/wp-json\/wp\/v2\/posts"}],"about":[{"href":"https:\/\/migracao.redenoticia.com.br\/noticia\/wp-json\/wp\/v2\/types\/post"}],"author":[{"embeddable":true,"href":"https:\/\/migracao.redenoticia.com.br\/noticia\/wp-json\/wp\/v2\/users\/5"}],"replies":[{"embeddable":true,"href":"https:\/\/migracao.redenoticia.com.br\/noticia\/wp-json\/wp\/v2\/comments?post=235400"}],"version-history":[{"count":0,"href":"https:\/\/migracao.redenoticia.com.br\/noticia\/wp-json\/wp\/v2\/posts\/235400\/revisions"}],"wp:featuredmedia":[{"embeddable":true,"href":"https:\/\/migracao.redenoticia.com.br\/noticia\/wp-json\/wp\/v2\/media\/232241"}],"wp:attachment":[{"href":"https:\/\/migracao.redenoticia.com.br\/noticia\/wp-json\/wp\/v2\/media?parent=235400"}],"wp:term":[{"taxonomy":"category","embeddable":true,"href":"https:\/\/migracao.redenoticia.com.br\/noticia\/wp-json\/wp\/v2\/categories?post=235400"},{"taxonomy":"post_tag","embeddable":true,"href":"https:\/\/migracao.redenoticia.com.br\/noticia\/wp-json\/wp\/v2\/tags?post=235400"}],"curies":[{"name":"wp","href":"https:\/\/api.w.org\/{rel}","templated":true}]}}