{"id":235440,"date":"2023-07-30T17:01:43","date_gmt":"2023-07-30T20:01:43","guid":{"rendered":"https:\/\/www.redenoticia.com.br\/noticia\/?p=235440"},"modified":"2023-07-30T17:02:52","modified_gmt":"2023-07-30T20:02:52","slug":"resumo-meu-pecado-31-07-ines-acusa-ramiro-de-ter-uma-amante","status":"publish","type":"post","link":"https:\/\/migracao.redenoticia.com.br\/noticia\/2023\/resumo-meu-pecado-31-07-ines-acusa-ramiro-de-ter-uma-amante\/235440","title":{"rendered":"Resumo \u201cMeu Pecado\u201d 31\/07: In\u00eas acusa Ramiro de ter uma amante"},"content":{"rendered":"<p><img loading=\"lazy\" decoding=\"async\" class=\"aligncenter size-full wp-image-235437\" src=\"https:\/\/migracao.redenoticia.com.br\/noticia\/imagens\/novela-meu-pecado-resumo-capitulos-elenco-personagens-logo-redenoticia-sbt.jpg\" alt=\"\" width=\"1280\" height=\"720\" srcset=\"https:\/\/migracao.redenoticia.com.br\/noticia\/imagens\/novela-meu-pecado-resumo-capitulos-elenco-personagens-logo-redenoticia-sbt.jpg 1280w, https:\/\/migracao.redenoticia.com.br\/noticia\/imagens\/novela-meu-pecado-resumo-capitulos-elenco-personagens-logo-redenoticia-sbt-250x140.jpg 250w, https:\/\/migracao.redenoticia.com.br\/noticia\/imagens\/novela-meu-pecado-resumo-capitulos-elenco-personagens-logo-redenoticia-sbt-400x225.jpg 400w, https:\/\/migracao.redenoticia.com.br\/noticia\/imagens\/novela-meu-pecado-resumo-capitulos-elenco-personagens-logo-redenoticia-sbt-768x432.jpg 768w, https:\/\/migracao.redenoticia.com.br\/noticia\/imagens\/novela-meu-pecado-resumo-capitulos-elenco-personagens-logo-redenoticia-sbt-150x84.jpg 150w\" sizes=\"auto, (max-width: 1280px) 100vw, 1280px\" \/><\/p>\n<p><strong><em>Resumo da novela \u201cMeu Pecado\u201d<\/em><\/strong> em 31\/07: no cap\u00edtulo 001(*) da novela, Paulino, o dono da fazenda Milagre, \u00e9 pai de Lucr\u00e9cia e C\u00e9sar. Ros\u00e1rio, a m\u00e3e das crian\u00e7as super protege o filho e, ao mesmo tempo, demonstra um \u00f3dio incompreens\u00edvel pela filha. In\u00eas, esposa de Ramiro, est\u00e1 com os dias contados e tem sua doen\u00e7a agravada pelo pr\u00f3prio marido que d\u00e1 a ela uma medica\u00e7\u00e3o que piora seu estado dia a dia. Manoel \u00e9 um menino que n\u00e3o simpatiza muito com Lucr\u00e9cia enquanto C\u00e9sar n\u00e3o pede a chance de humilh\u00e1-lo.<\/p>\n<p>Delfina, a bab\u00e1 de Lucr\u00e9cia e C\u00e9sar sempre se refere a Manoel como irm\u00e3o de leite deles. Justina, esposa de Rodolfo, critica o marido por ser um professor med\u00edocre que n\u00e3o pode dar a ela e aos filhos a vida que eles merecem e pede que se espelhe em Ramiro. Na verdade, ela e Ramiro s\u00e3o amantes e este s\u00f3 se casou com In\u00eas interessado em seu dinheiro. Sentindo que sua vida est\u00e1 por um fio, In\u00eas pede a presen\u00e7a do padre Matias para se confessar.<\/p>\n<p>Justina tamb\u00e9m visita In\u00eas e diz que seu marido lhe \u00e9 infiel. Justina afirma para In\u00eas que seu marido tem uma amante, mas diz n\u00e3o saber quem \u00e9 e ela passa mal. Paulino presenteia o filho, C\u00e9sar, com um p\u00f4nei. Lucr\u00e9cia fica encantada com o presente do irm\u00e3o e, decepcionada quando ganha um vestido. Ros\u00e1rio pergunta a Lucr\u00e9cia onde est\u00e1 seu medalh\u00e3o e ordena que o encontre. Ramiro chega em casa e In\u00eas o acusa de ter uma amante, mas ele nega.<\/p>\n<p>(*) edi\u00e7\u00e3o das novelas do SBT, \u201cMeu Pecado\u201d, sujeito a altera\u00e7\u00e3o de data e conte\u00fado.<\/p>\n<p>Sinopse \u201cMeu Pecado\u201d: Com o passar dos anos, Lucr\u00e9cia (Maite Perroni) e Juliano (Eugenio Siller) se reencontram e seu amor renasce. Lucr\u00e9cia n\u00e3o volta sozinha, vem acompanhada de sua prima Renata (Jessica Coch), que assassinou a diretora do internato em que ela e Lucr\u00e9cia estudavam. Paulino sofre uma crise econ\u00f4mica e Ramiro exige casar com sua filha Lucr\u00e9cia. Mas Carmelo se imp\u00f5e contra o casamento, e o assassina a tiros.<\/p>\n<p>Juliano \u00e9 acusado injustamente por este crime e com isso Lucr\u00e9cia se v\u00ea obrigada a casar-se com Carmelo para evitar a ru\u00edna de seu pai e que Juliano fosse acusado injustamente. Juliano vai embora do povoado, convencido de que Lucr\u00e9cia o traiu. Um tempo depois, Carmelo fica sabendo que Juliano voltou e se inicia a guerra entre os dois pelo amor de Lucr\u00e9cia. No final, Lucr\u00e9cia descobre o porque da rejei\u00e7\u00e3o misteriosa da sua m\u00e3e.<\/p>\n","protected":false},"excerpt":{"rendered":"<p>Resumo da novela \u201cMeu Pecado\u201d em 31\/07: no cap\u00edtulo 001(*) da novela, Paulino, o dono da fazenda Milagre, \u00e9 pai de Lucr\u00e9cia e C\u00e9sar. Ros\u00e1rio, a m\u00e3e das crian\u00e7as super protege o filho e, ao mesmo tempo, demonstra um \u00f3dio incompreens\u00edvel pela filha. In\u00eas, esposa de Ramiro, est\u00e1 com os dias contados e tem sua [&hellip;]<\/p>\n","protected":false},"author":2,"featured_media":235438,"comment_status":"closed","ping_status":"closed","sticky":false,"template":"","format":"standard","meta":{"tdm_status":"","tdm_grid_status":"","footnotes":""},"categories":[2313,379,2025,372,343],"tags":[441],"class_list":{"0":"post-235440","1":"post","2":"type-post","3":"status-publish","4":"format-standard","5":"has-post-thumbnail","7":"category-meu-pecado","8":"category-novelas","9":"category-resumo","10":"category-sbt","11":"category-televisao","12":"tag-resumo-do-dia"},"_links":{"self":[{"href":"https:\/\/migracao.redenoticia.com.br\/noticia\/wp-json\/wp\/v2\/posts\/235440","targetHints":{"allow":["GET"]}}],"collection":[{"href":"https:\/\/migracao.redenoticia.com.br\/noticia\/wp-json\/wp\/v2\/posts"}],"about":[{"href":"https:\/\/migracao.redenoticia.com.br\/noticia\/wp-json\/wp\/v2\/types\/post"}],"author":[{"embeddable":true,"href":"https:\/\/migracao.redenoticia.com.br\/noticia\/wp-json\/wp\/v2\/users\/2"}],"replies":[{"embeddable":true,"href":"https:\/\/migracao.redenoticia.com.br\/noticia\/wp-json\/wp\/v2\/comments?post=235440"}],"version-history":[{"count":0,"href":"https:\/\/migracao.redenoticia.com.br\/noticia\/wp-json\/wp\/v2\/posts\/235440\/revisions"}],"wp:featuredmedia":[{"embeddable":true,"href":"https:\/\/migracao.redenoticia.com.br\/noticia\/wp-json\/wp\/v2\/media\/235438"}],"wp:attachment":[{"href":"https:\/\/migracao.redenoticia.com.br\/noticia\/wp-json\/wp\/v2\/media?parent=235440"}],"wp:term":[{"taxonomy":"category","embeddable":true,"href":"https:\/\/migracao.redenoticia.com.br\/noticia\/wp-json\/wp\/v2\/categories?post=235440"},{"taxonomy":"post_tag","embeddable":true,"href":"https:\/\/migracao.redenoticia.com.br\/noticia\/wp-json\/wp\/v2\/tags?post=235440"}],"curies":[{"name":"wp","href":"https:\/\/api.w.org\/{rel}","templated":true}]}}