{"id":235444,"date":"2023-07-31T15:53:27","date_gmt":"2023-07-31T18:53:27","guid":{"rendered":"https:\/\/www.redenoticia.com.br\/noticia\/?p=235444"},"modified":"2023-07-31T15:53:27","modified_gmt":"2023-07-31T18:53:27","slug":"resumo-terra-e-paixao-01-08-caio-confronta-ernesto-sobre-freios-do-carro-de-daniel","status":"publish","type":"post","link":"https:\/\/migracao.redenoticia.com.br\/noticia\/2023\/resumo-terra-e-paixao-01-08-caio-confronta-ernesto-sobre-freios-do-carro-de-daniel\/235444","title":{"rendered":"Resumo &#8220;Terra e Paix\u00e3o&#8221; 01\/08: Caio confronta Ernesto sobre freios do carro de Daniel"},"content":{"rendered":"<p> <img loading=\"lazy\" decoding=\"async\" src=\"https:\/\/migracao.redenoticia.com.br\/noticia\/imagens\/novela-terra-e-paixao-resumo.jpg\" alt=\"\" width=\"1280\" height=\"720\" class=\"aligncenter size-full wp-image-231930\" srcset=\"https:\/\/migracao.redenoticia.com.br\/noticia\/imagens\/novela-terra-e-paixao-resumo.jpg 1280w, https:\/\/migracao.redenoticia.com.br\/noticia\/imagens\/novela-terra-e-paixao-resumo-250x140.jpg 250w, https:\/\/migracao.redenoticia.com.br\/noticia\/imagens\/novela-terra-e-paixao-resumo-400x225.jpg 400w, https:\/\/migracao.redenoticia.com.br\/noticia\/imagens\/novela-terra-e-paixao-resumo-768x432.jpg 768w, https:\/\/migracao.redenoticia.com.br\/noticia\/imagens\/novela-terra-e-paixao-resumo-150x84.jpg 150w\" sizes=\"auto, (max-width: 1280px) 100vw, 1280px\" \/> <\/p>\n<p><strong><em>Resumo da novela &#8220;Terra e Paix\u00e3o&#8221;<\/em><\/strong> em 01\/08: no cap\u00edtulo 074(*) da novela, Caio reage quando Jonatas insinua que o carro de Daniel pode ter sido sabotado. Nice conta a Irene que Ant\u00f4nio ofereceu dinheiro para Berenice comprar o bar. Irene inventa para Ant\u00f4nio que Berenice est\u00e1 com uma doen\u00e7a contagiosa. Lucinda se compromete a ajudar Aline a aprender a plantar com um engenheiro especialista em tecnologia. Caio pergunta a Ernesto se o dinheiro que ele ganhou tem a ver com os freios do carro que Daniel estava dirigindo no dia do acidente.<\/p>\n<p>Caio n\u00e3o acredita que o dinheiro de Ernesto \u00e9 heran\u00e7a de fam\u00edlia. Andrade pede a Nice que n\u00e3o conte a Lucinda que eles j\u00e1 se conheciam. Ernesto liga para algu\u00e9m dizendo que Caio est\u00e1 desconfiado, e pede garantia de que n\u00e3o ficar\u00e1 preso. Berenice diz a Ant\u00f4nio que n\u00e3o tem doen\u00e7a contagiosa. Caio sofre um atentado e Aline o ajuda. Aline diz a Caio para n\u00e3o procur\u00e1-la mais enquanto estiver com Gra\u00e7a. Irene fica nervosa quando Ant\u00f4nio diz que Caio ser\u00e1 seu sucessor. Caio procura Jurec\u00ea. Irene e Gra\u00e7a fazem um acordo para ter Caio e a fortuna de Ant\u00f4nio em suas m\u00e3os.<\/p>\n<p>(*) edi\u00e7\u00e3o das novelas da Globo, &#8220;Terra e Paix\u00e3o&#8221;, sujeito a altera\u00e7\u00e3o de data e conte\u00fado.<\/p>\n<p>Sinopse &#8220;Terra e Paix\u00e3o&#8221;: Aline vive ao lado do marido Samuel e do filho Jo\u00e3o. Ap\u00f3s um atentado em sua casa, v\u00ea-se sozinha com o menino diante das terras deixadas pelo marido. Aline aprende a plantar com a ajuda de Jonatas, um amigo fiel. Al\u00e9m de contar com ele, tem ao seu lado sua m\u00e3e. Aline se aproxima dos irm\u00e3os Caio e Daniel, filhos do poderoso fazendeiro Ant\u00f4nio, com quem precisa brigar para manter suas terras. Ao lado dos dois rapazes, descobre sentimentos novos. Ant\u00f4nio La Selva \u00e9 casado com Irene com quem tem dois filhos, Daniel e Petra. Ele foi muito apaixonado por Agatha, com quem teve Caio, e culpa o rapaz pela morte da m\u00e3e no pr\u00e9-parto. <\/p>\n","protected":false},"excerpt":{"rendered":"<p>Resumo da novela &#8220;Terra e Paix\u00e3o&#8221; em 01\/08: no cap\u00edtulo 074(*) da novela, Caio reage quando Jonatas insinua que o carro de Daniel pode ter sido sabotado. Nice conta a Irene que Ant\u00f4nio ofereceu dinheiro para Berenice comprar o bar. Irene inventa para Ant\u00f4nio que Berenice est\u00e1 com uma doen\u00e7a contagiosa. Lucinda se compromete a [&hellip;]<\/p>\n","protected":false},"author":3,"featured_media":231928,"comment_status":"closed","ping_status":"closed","sticky":false,"template":"","format":"standard","meta":{"tdm_status":"","tdm_grid_status":"","footnotes":""},"categories":[379,375,2025,343,2305],"tags":[441],"class_list":{"0":"post-235444","1":"post","2":"type-post","3":"status-publish","4":"format-standard","5":"has-post-thumbnail","7":"category-novelas","8":"category-rede-globo","9":"category-resumo","10":"category-televisao","11":"category-terra-e-paixao","12":"tag-resumo-do-dia"},"_links":{"self":[{"href":"https:\/\/migracao.redenoticia.com.br\/noticia\/wp-json\/wp\/v2\/posts\/235444","targetHints":{"allow":["GET"]}}],"collection":[{"href":"https:\/\/migracao.redenoticia.com.br\/noticia\/wp-json\/wp\/v2\/posts"}],"about":[{"href":"https:\/\/migracao.redenoticia.com.br\/noticia\/wp-json\/wp\/v2\/types\/post"}],"author":[{"embeddable":true,"href":"https:\/\/migracao.redenoticia.com.br\/noticia\/wp-json\/wp\/v2\/users\/3"}],"replies":[{"embeddable":true,"href":"https:\/\/migracao.redenoticia.com.br\/noticia\/wp-json\/wp\/v2\/comments?post=235444"}],"version-history":[{"count":0,"href":"https:\/\/migracao.redenoticia.com.br\/noticia\/wp-json\/wp\/v2\/posts\/235444\/revisions"}],"wp:featuredmedia":[{"embeddable":true,"href":"https:\/\/migracao.redenoticia.com.br\/noticia\/wp-json\/wp\/v2\/media\/231928"}],"wp:attachment":[{"href":"https:\/\/migracao.redenoticia.com.br\/noticia\/wp-json\/wp\/v2\/media?parent=235444"}],"wp:term":[{"taxonomy":"category","embeddable":true,"href":"https:\/\/migracao.redenoticia.com.br\/noticia\/wp-json\/wp\/v2\/categories?post=235444"},{"taxonomy":"post_tag","embeddable":true,"href":"https:\/\/migracao.redenoticia.com.br\/noticia\/wp-json\/wp\/v2\/tags?post=235444"}],"curies":[{"name":"wp","href":"https:\/\/api.w.org\/{rel}","templated":true}]}}