{"id":235445,"date":"2023-07-31T15:15:32","date_gmt":"2023-07-31T18:15:32","guid":{"rendered":"https:\/\/www.redenoticia.com.br\/noticia\/?p=235445"},"modified":"2023-07-31T15:15:32","modified_gmt":"2023-07-31T18:15:32","slug":"resumo-meu-pecado-01-08-rosario-conta-ao-padre-que-viu-ramiro-e-justina-aos-beijos","status":"publish","type":"post","link":"https:\/\/migracao.redenoticia.com.br\/noticia\/2023\/resumo-meu-pecado-01-08-rosario-conta-ao-padre-que-viu-ramiro-e-justina-aos-beijos\/235445","title":{"rendered":"Resumo \u201cMeu Pecado\u201d 01\/08: Ros\u00e1rio conta ao padre que viu Ramiro e Justina aos beijos"},"content":{"rendered":"<p> <img loading=\"lazy\" decoding=\"async\" class=\"aligncenter size-full wp-image-235437\" src=\"https:\/\/migracao.redenoticia.com.br\/noticia\/imagens\/novela-meu-pecado-resumo-capitulos-elenco-personagens-logo-redenoticia-sbt.jpg\" alt=\"\" width=\"1280\" height=\"720\" srcset=\"https:\/\/migracao.redenoticia.com.br\/noticia\/imagens\/novela-meu-pecado-resumo-capitulos-elenco-personagens-logo-redenoticia-sbt.jpg 1280w, https:\/\/migracao.redenoticia.com.br\/noticia\/imagens\/novela-meu-pecado-resumo-capitulos-elenco-personagens-logo-redenoticia-sbt-250x140.jpg 250w, https:\/\/migracao.redenoticia.com.br\/noticia\/imagens\/novela-meu-pecado-resumo-capitulos-elenco-personagens-logo-redenoticia-sbt-400x225.jpg 400w, https:\/\/migracao.redenoticia.com.br\/noticia\/imagens\/novela-meu-pecado-resumo-capitulos-elenco-personagens-logo-redenoticia-sbt-768x432.jpg 768w, https:\/\/migracao.redenoticia.com.br\/noticia\/imagens\/novela-meu-pecado-resumo-capitulos-elenco-personagens-logo-redenoticia-sbt-150x84.jpg 150w\" sizes=\"auto, (max-width: 1280px) 100vw, 1280px\" \/><\/p>\n<p><strong><em>Resumo da novela \u201cMeu Pecado\u201d<\/em><\/strong> em 01\/08: no cap\u00edtulo 002(*) da novela, Justina tamb\u00e9m visita In\u00eas e diz que seu marido lhe \u00e9 infiel. Justina afirma para In\u00eas que seu marido tem uma amante, mas diz n\u00e3o saber quem \u00e9 e ela passa mal. Paulino presenteia o filho, C\u00e9sar, com um p\u00f4nei. Lucr\u00e9cia fica encantada com o presente do irm\u00e3o e, decepcionada quando ganha um vestido. Ros\u00e1rio pergunta a Lucr\u00e9cia onde est\u00e1 seu medalh\u00e3o e ordena que o encontre. Ramiro chega em casa e In\u00eas o acusa de ter uma amante, mas ele nega. <\/p>\n<p>Lucr\u00e9cia vai at\u00e9 o celeiro procurar o medalh\u00e3o e v\u00ea Gabino e Justina se beijando. Juliano encontra a j\u00f3ia e vai at\u00e9 a fazenda entreg\u00e1-la a Lucr\u00e9cia. In\u00eas manda chamar o advogado para mudar seu testamento, mas Ramiro n\u00e3o permite que fale com ela. Furioso, ele vai at\u00e9 o quarto da esposa e exige uma explica\u00e7\u00e3o. Ela afirma que quer mudar seu testamento para que ele n\u00e3o receba nada ap\u00f3s sua morte. Maquiav\u00e9lico, Ramiro d\u00e1 uma inje\u00e7\u00e3o fatal em In\u00eas. A inje\u00e7\u00e3o mata In\u00eas instantaneamente e passam-se muitas horas at\u00e9 que Assun\u00e7\u00e3o a encontre morta. O m\u00e9dico quer que seja feita uma aut\u00f3psia, mas Ramiro o convence do contr\u00e1rio. <\/p>\n<p>Ros\u00e1rio insiste para que Lucr\u00e9cia se confesse e ela conta ao padre Matias que viu Ramiro e Justina se beijando. Com o objetivo de informar que tem problemas com Lucr\u00e9cia por causa e Juliano, Ros\u00e1rio visita os pais do menino. Justina se ofende com a visita e acusa Ros\u00e1rio de discrimina\u00e7\u00e3o por n\u00e3o pertencerem \u00e0 mesma classe social. Rodolfo promete que sua fam\u00edlia n\u00e3o voltar\u00e1 a por os p\u00e9s na fazenda \u201cMilagres\u201d. Matias visita Ramiro e o critica por ter uma amante. Assun\u00e7\u00e3o confidencia a Delfina que desconfia que Ramiro matou In\u00eas. <\/p>\n<p>(*) edi\u00e7\u00e3o das novelas do SBT, \u201cMeu Pecado\u201d, sujeito a altera\u00e7\u00e3o de data e conte\u00fado.<\/p>\n<p>Sinopse \u201cMeu Pecado\u201d: Com o passar dos anos, Lucr\u00e9cia (Maite Perroni) e Juliano (Eugenio Siller) se reencontram e seu amor renasce. Lucr\u00e9cia n\u00e3o volta sozinha, vem acompanhada de sua prima Renata (Jessica Coch), que assassinou a diretora do internato em que ela e Lucr\u00e9cia estudavam. Paulino sofre uma crise econ\u00f4mica e Ramiro exige casar com sua filha Lucr\u00e9cia. Mas Carmelo se imp\u00f5e contra o casamento, e o assassina a tiros.<\/p>\n<p>Juliano \u00e9 acusado injustamente por este crime e com isso Lucr\u00e9cia se v\u00ea obrigada a casar-se com Carmelo para evitar a ru\u00edna de seu pai e que Juliano fosse acusado injustamente. Juliano vai embora do povoado, convencido de que Lucr\u00e9cia o traiu. Um tempo depois, Carmelo fica sabendo que Juliano voltou e se inicia a guerra entre os dois pelo amor de Lucr\u00e9cia. No final, Lucr\u00e9cia descobre o porque da rejei\u00e7\u00e3o misteriosa da sua m\u00e3e.<\/p>\n","protected":false},"excerpt":{"rendered":"<p>Resumo da novela \u201cMeu Pecado\u201d em 01\/08: no cap\u00edtulo 002(*) da novela, Justina tamb\u00e9m visita In\u00eas e diz que seu marido lhe \u00e9 infiel. Justina afirma para In\u00eas que seu marido tem uma amante, mas diz n\u00e3o saber quem \u00e9 e ela passa mal. Paulino presenteia o filho, C\u00e9sar, com um p\u00f4nei. Lucr\u00e9cia fica encantada [&hellip;]<\/p>\n","protected":false},"author":5,"featured_media":235438,"comment_status":"closed","ping_status":"closed","sticky":false,"template":"","format":"standard","meta":{"tdm_status":"","tdm_grid_status":"","footnotes":""},"categories":[2313,379,2025,372,343],"tags":[441],"class_list":{"0":"post-235445","1":"post","2":"type-post","3":"status-publish","4":"format-standard","5":"has-post-thumbnail","7":"category-meu-pecado","8":"category-novelas","9":"category-resumo","10":"category-sbt","11":"category-televisao","12":"tag-resumo-do-dia"},"_links":{"self":[{"href":"https:\/\/migracao.redenoticia.com.br\/noticia\/wp-json\/wp\/v2\/posts\/235445","targetHints":{"allow":["GET"]}}],"collection":[{"href":"https:\/\/migracao.redenoticia.com.br\/noticia\/wp-json\/wp\/v2\/posts"}],"about":[{"href":"https:\/\/migracao.redenoticia.com.br\/noticia\/wp-json\/wp\/v2\/types\/post"}],"author":[{"embeddable":true,"href":"https:\/\/migracao.redenoticia.com.br\/noticia\/wp-json\/wp\/v2\/users\/5"}],"replies":[{"embeddable":true,"href":"https:\/\/migracao.redenoticia.com.br\/noticia\/wp-json\/wp\/v2\/comments?post=235445"}],"version-history":[{"count":0,"href":"https:\/\/migracao.redenoticia.com.br\/noticia\/wp-json\/wp\/v2\/posts\/235445\/revisions"}],"wp:featuredmedia":[{"embeddable":true,"href":"https:\/\/migracao.redenoticia.com.br\/noticia\/wp-json\/wp\/v2\/media\/235438"}],"wp:attachment":[{"href":"https:\/\/migracao.redenoticia.com.br\/noticia\/wp-json\/wp\/v2\/media?parent=235445"}],"wp:term":[{"taxonomy":"category","embeddable":true,"href":"https:\/\/migracao.redenoticia.com.br\/noticia\/wp-json\/wp\/v2\/categories?post=235445"},{"taxonomy":"post_tag","embeddable":true,"href":"https:\/\/migracao.redenoticia.com.br\/noticia\/wp-json\/wp\/v2\/tags?post=235445"}],"curies":[{"name":"wp","href":"https:\/\/api.w.org\/{rel}","templated":true}]}}