{"id":235538,"date":"2023-08-02T15:32:16","date_gmt":"2023-08-02T18:32:16","guid":{"rendered":"https:\/\/www.redenoticia.com.br\/noticia\/?p=235538"},"modified":"2023-08-02T15:32:16","modified_gmt":"2023-08-02T18:32:16","slug":"resumo-terra-e-paixao-03-08-ademir-aconselha-caio-a-ficar-com-aline","status":"publish","type":"post","link":"https:\/\/migracao.redenoticia.com.br\/noticia\/2023\/resumo-terra-e-paixao-03-08-ademir-aconselha-caio-a-ficar-com-aline\/235538","title":{"rendered":"Resumo &#8220;Terra e Paix\u00e3o&#8221; 03\/08: Ademir aconselha Caio a ficar com Aline"},"content":{"rendered":"<p> <img loading=\"lazy\" decoding=\"async\" src=\"https:\/\/migracao.redenoticia.com.br\/noticia\/imagens\/novela-terra-e-paixao-resumo.jpg\" alt=\"\" width=\"1280\" height=\"720\" class=\"aligncenter size-full wp-image-231930\" srcset=\"https:\/\/migracao.redenoticia.com.br\/noticia\/imagens\/novela-terra-e-paixao-resumo.jpg 1280w, https:\/\/migracao.redenoticia.com.br\/noticia\/imagens\/novela-terra-e-paixao-resumo-250x140.jpg 250w, https:\/\/migracao.redenoticia.com.br\/noticia\/imagens\/novela-terra-e-paixao-resumo-400x225.jpg 400w, https:\/\/migracao.redenoticia.com.br\/noticia\/imagens\/novela-terra-e-paixao-resumo-768x432.jpg 768w, https:\/\/migracao.redenoticia.com.br\/noticia\/imagens\/novela-terra-e-paixao-resumo-150x84.jpg 150w\" sizes=\"auto, (max-width: 1280px) 100vw, 1280px\" \/> <\/p>\n<p><strong><em>Resumo da novela &#8220;Terra e Paix\u00e3o&#8221;<\/em><\/strong> em 03\/08: no cap\u00edtulo 076(*) da novela, Irene e Gra\u00e7a fazem um acordo para ter Caio e a fortuna de Ant\u00f4nio em suas m\u00e3os. Irene diz a Gra\u00e7a que o plano para se casar com Caio deve ficar s\u00f3 entre elas e Gladys. Ira\u00ea alerta Caio. Irene e Vinicius trocam elogios. Luigi e Anely se aliam para encontrar as barras de ouro de C\u00e2ndida. Lucinda deixa claro a Andrade que ele sair\u00e1 de casa se n\u00e3o mudar sua atitude. Caio acredita que a noiva e o filho que ela espera sofrem risco de morte. Caio promete n\u00e3o abandonar Gra\u00e7a e o beb\u00ea. Caio avisa a Aline que se casar\u00e1 com Gra\u00e7a.<\/p>\n<p>Anely comenta com Lucinda sobre sua desconfian\u00e7a de que Gladys tenha contratado o m\u00e9dico e a enfermeira para dizer que Gra\u00e7a estava doente, com o objetivo de sensibilizar Caio. Anely fotografa um c\u00f3digo que encontra na B\u00edblia de Nice. Ademir aconselha Caio a ficar com Aline. Anely \u00e9 flagrada por Berenice no quarto de Nice e acaba contando que existem barras de ouro escondidas no bar. Angelina comenta com Lucinda que viu Irene pagando dois atores. Irene seduz Ant\u00f4nio.<\/p>\n<p>(*) edi\u00e7\u00e3o das novelas da Globo, &#8220;Terra e Paix\u00e3o&#8221;, sujeito a altera\u00e7\u00e3o de data e conte\u00fado.<\/p>\n<p>Sinopse &#8220;Terra e Paix\u00e3o&#8221;: Aline vive ao lado do marido Samuel e do filho Jo\u00e3o. Ap\u00f3s um atentado em sua casa, v\u00ea-se sozinha com o menino diante das terras deixadas pelo marido. Aline aprende a plantar com a ajuda de Jonatas, um amigo fiel. Al\u00e9m de contar com ele, tem ao seu lado sua m\u00e3e. Aline se aproxima dos irm\u00e3os Caio e Daniel, filhos do poderoso fazendeiro Ant\u00f4nio, com quem precisa brigar para manter suas terras. Ao lado dos dois rapazes, descobre sentimentos novos. Ant\u00f4nio La Selva \u00e9 casado com Irene com quem tem dois filhos, Daniel e Petra. Ele foi muito apaixonado por Agatha, com quem teve Caio, e culpa o rapaz pela morte da m\u00e3e no pr\u00e9-parto. <\/p>\n","protected":false},"excerpt":{"rendered":"<p>Resumo da novela &#8220;Terra e Paix\u00e3o&#8221; em 03\/08: no cap\u00edtulo 076(*) da novela, Irene e Gra\u00e7a fazem um acordo para ter Caio e a fortuna de Ant\u00f4nio em suas m\u00e3os. Irene diz a Gra\u00e7a que o plano para se casar com Caio deve ficar s\u00f3 entre elas e Gladys. Ira\u00ea alerta Caio. Irene e Vinicius [&hellip;]<\/p>\n","protected":false},"author":2,"featured_media":231928,"comment_status":"closed","ping_status":"closed","sticky":false,"template":"","format":"standard","meta":{"tdm_status":"","tdm_grid_status":"","footnotes":""},"categories":[379,375,2025,343,2305],"tags":[441],"class_list":{"0":"post-235538","1":"post","2":"type-post","3":"status-publish","4":"format-standard","5":"has-post-thumbnail","7":"category-novelas","8":"category-rede-globo","9":"category-resumo","10":"category-televisao","11":"category-terra-e-paixao","12":"tag-resumo-do-dia"},"_links":{"self":[{"href":"https:\/\/migracao.redenoticia.com.br\/noticia\/wp-json\/wp\/v2\/posts\/235538","targetHints":{"allow":["GET"]}}],"collection":[{"href":"https:\/\/migracao.redenoticia.com.br\/noticia\/wp-json\/wp\/v2\/posts"}],"about":[{"href":"https:\/\/migracao.redenoticia.com.br\/noticia\/wp-json\/wp\/v2\/types\/post"}],"author":[{"embeddable":true,"href":"https:\/\/migracao.redenoticia.com.br\/noticia\/wp-json\/wp\/v2\/users\/2"}],"replies":[{"embeddable":true,"href":"https:\/\/migracao.redenoticia.com.br\/noticia\/wp-json\/wp\/v2\/comments?post=235538"}],"version-history":[{"count":0,"href":"https:\/\/migracao.redenoticia.com.br\/noticia\/wp-json\/wp\/v2\/posts\/235538\/revisions"}],"wp:featuredmedia":[{"embeddable":true,"href":"https:\/\/migracao.redenoticia.com.br\/noticia\/wp-json\/wp\/v2\/media\/231928"}],"wp:attachment":[{"href":"https:\/\/migracao.redenoticia.com.br\/noticia\/wp-json\/wp\/v2\/media?parent=235538"}],"wp:term":[{"taxonomy":"category","embeddable":true,"href":"https:\/\/migracao.redenoticia.com.br\/noticia\/wp-json\/wp\/v2\/categories?post=235538"},{"taxonomy":"post_tag","embeddable":true,"href":"https:\/\/migracao.redenoticia.com.br\/noticia\/wp-json\/wp\/v2\/tags?post=235538"}],"curies":[{"name":"wp","href":"https:\/\/api.w.org\/{rel}","templated":true}]}}