{"id":235545,"date":"2023-08-02T15:20:37","date_gmt":"2023-08-02T18:20:37","guid":{"rendered":"https:\/\/www.redenoticia.com.br\/noticia\/?p=235545"},"modified":"2023-08-02T15:20:37","modified_gmt":"2023-08-02T18:20:37","slug":"resumo-meu-pecado-03-08-rodolfo-pede-a-paulino-que-cuide-de-seus-filhos","status":"publish","type":"post","link":"https:\/\/migracao.redenoticia.com.br\/noticia\/2023\/resumo-meu-pecado-03-08-rodolfo-pede-a-paulino-que-cuide-de-seus-filhos\/235545","title":{"rendered":"Resumo \u201cMeu Pecado\u201d 03\/08: Rodolfo pede a Paulino que cuide de seus filhos"},"content":{"rendered":"<p> <img loading=\"lazy\" decoding=\"async\" class=\"aligncenter size-full wp-image-235437\" src=\"https:\/\/migracao.redenoticia.com.br\/noticia\/imagens\/novela-meu-pecado-resumo-capitulos-elenco-personagens-logo-redenoticia-sbt.jpg\" alt=\"\" width=\"1280\" height=\"720\" srcset=\"https:\/\/migracao.redenoticia.com.br\/noticia\/imagens\/novela-meu-pecado-resumo-capitulos-elenco-personagens-logo-redenoticia-sbt.jpg 1280w, https:\/\/migracao.redenoticia.com.br\/noticia\/imagens\/novela-meu-pecado-resumo-capitulos-elenco-personagens-logo-redenoticia-sbt-250x140.jpg 250w, https:\/\/migracao.redenoticia.com.br\/noticia\/imagens\/novela-meu-pecado-resumo-capitulos-elenco-personagens-logo-redenoticia-sbt-400x225.jpg 400w, https:\/\/migracao.redenoticia.com.br\/noticia\/imagens\/novela-meu-pecado-resumo-capitulos-elenco-personagens-logo-redenoticia-sbt-768x432.jpg 768w, https:\/\/migracao.redenoticia.com.br\/noticia\/imagens\/novela-meu-pecado-resumo-capitulos-elenco-personagens-logo-redenoticia-sbt-150x84.jpg 150w\" sizes=\"auto, (max-width: 1280px) 100vw, 1280px\" \/><\/p>\n<p><strong><em>Resumo da novela \u201cMeu Pecado\u201d<\/em><\/strong> em 03\/08: no cap\u00edtulo 004(*) da novela, Matias visita Ramiro e o critica por ter uma amante. Assun\u00e7\u00e3o confidencia a Delfina que desconfia que Ramiro matou In\u00eas. Delfina sugere a Assun\u00e7\u00e3o que conte ao padre Matias. Ramiro flagra Assun\u00e7\u00e3o conversando com o padre, desconfia que ela contou algo importante e amea\u00e7a demiti-la. Depois da missa de corpo presente, Ramiro envia Assun\u00e7\u00e3o junto com o carro f\u00fanebre para a cidade onde In\u00eas ser\u00e1 enterrada e onde vivem seus filhos. Depois da missa, Rodolfo sai para almo\u00e7ar com Juliano. <\/p>\n<p>Justina aproveita que est\u00e1 sozinha para se encontrar com o amante e exigir que fa\u00e7a dela sua esposa, por que espera um filho dele. Justina chega em casa muito tarde, n\u00e3o d\u00e1 nenhuma explica\u00e7\u00e3o ao marido e este a acusa de ter um amante. No dia seguinte, Rodolfo leva os filhos at\u00e9 a fazenda e pede a Paulino que cuide de seus filhos por que tem problemas conjugais. As crian\u00e7as v\u00e3o brincar na beira do rio e C\u00e9sar cai na \u00e1gua. Juliano tenta, mas n\u00e3o consegue salvar C\u00e9sar, que \u00e9 levado pela correnteza. Paulino \u00e9 informado que Ramiro comprou as terras que lhe interessavam. Rodolfo desabafa com padre Matias e afirma que se descobrir que Justina o engana com outro homem, matar\u00e1 os dois. Paulino vai at\u00e9 a beira do rio procurar o filho e Manoel mostra o lugar onde o menino caiu. <\/p>\n<p>Delfina encontra Lucr\u00e9cia dentro do guarda-roupa e tenta consol\u00e1-la. Depois de muitas horas de busca, Modesto encontra o corpo do menino. Paulino pega o filho nos bra\u00e7os e o leva para a fazenda. Ros\u00e1rio se nega a ir ao enterro e acusa Juliano de ter matado seu filho. Depois se tranca em seu quarto e toma um frasco de rem\u00e9dio. Delfina encontra Ros\u00e1rio desfalecido com um frasco de rem\u00e9dio vazio a seu lado. O m\u00e9dico \u00e9 chamado, Ros\u00e1rio recobra a consci\u00eancia e diz ao marido que n\u00e3o sabe como vai continuar vivendo sem seu filho. Lucr\u00e9cia, completamente esquecida pelos pais, sofre pela morte do irm\u00e3o. Justina quer deixar o povoado, mas Rodolfo \u00e9 contra e diz que seria como aceitar a culpa de Juliano e, em seguida, diz que talvez ela tenha um motivo para querer fugir. <\/p>\n<p>(*) edi\u00e7\u00e3o das novelas do SBT, \u201cMeu Pecado\u201d, sujeito a altera\u00e7\u00e3o de data e conte\u00fado.<\/p>\n<p>Sinopse \u201cMeu Pecado\u201d: Com o passar dos anos, Lucr\u00e9cia (Maite Perroni) e Juliano (Eugenio Siller) se reencontram e seu amor renasce. Lucr\u00e9cia n\u00e3o volta sozinha, vem acompanhada de sua prima Renata (Jessica Coch), que assassinou a diretora do internato em que ela e Lucr\u00e9cia estudavam. Paulino sofre uma crise econ\u00f4mica e Ramiro exige casar com sua filha Lucr\u00e9cia. Mas Carmelo se imp\u00f5e contra o casamento, e o assassina a tiros.<\/p>\n<p>Juliano \u00e9 acusado injustamente por este crime e com isso Lucr\u00e9cia se v\u00ea obrigada a casar-se com Carmelo para evitar a ru\u00edna de seu pai e que Juliano fosse acusado injustamente. Juliano vai embora do povoado, convencido de que Lucr\u00e9cia o traiu. Um tempo depois, Carmelo fica sabendo que Juliano voltou e se inicia a guerra entre os dois pelo amor de Lucr\u00e9cia. No final, Lucr\u00e9cia descobre o porque da rejei\u00e7\u00e3o misteriosa da sua m\u00e3e.<\/p>\n","protected":false},"excerpt":{"rendered":"<p>Resumo da novela \u201cMeu Pecado\u201d em 03\/08: no cap\u00edtulo 004(*) da novela, Matias visita Ramiro e o critica por ter uma amante. Assun\u00e7\u00e3o confidencia a Delfina que desconfia que Ramiro matou In\u00eas. Delfina sugere a Assun\u00e7\u00e3o que conte ao padre Matias. Ramiro flagra Assun\u00e7\u00e3o conversando com o padre, desconfia que ela contou algo importante e [&hellip;]<\/p>\n","protected":false},"author":5,"featured_media":235438,"comment_status":"closed","ping_status":"closed","sticky":false,"template":"","format":"standard","meta":{"tdm_status":"","tdm_grid_status":"","footnotes":""},"categories":[2313,379,2025,372,343],"tags":[441],"class_list":{"0":"post-235545","1":"post","2":"type-post","3":"status-publish","4":"format-standard","5":"has-post-thumbnail","7":"category-meu-pecado","8":"category-novelas","9":"category-resumo","10":"category-sbt","11":"category-televisao","12":"tag-resumo-do-dia"},"_links":{"self":[{"href":"https:\/\/migracao.redenoticia.com.br\/noticia\/wp-json\/wp\/v2\/posts\/235545","targetHints":{"allow":["GET"]}}],"collection":[{"href":"https:\/\/migracao.redenoticia.com.br\/noticia\/wp-json\/wp\/v2\/posts"}],"about":[{"href":"https:\/\/migracao.redenoticia.com.br\/noticia\/wp-json\/wp\/v2\/types\/post"}],"author":[{"embeddable":true,"href":"https:\/\/migracao.redenoticia.com.br\/noticia\/wp-json\/wp\/v2\/users\/5"}],"replies":[{"embeddable":true,"href":"https:\/\/migracao.redenoticia.com.br\/noticia\/wp-json\/wp\/v2\/comments?post=235545"}],"version-history":[{"count":0,"href":"https:\/\/migracao.redenoticia.com.br\/noticia\/wp-json\/wp\/v2\/posts\/235545\/revisions"}],"wp:featuredmedia":[{"embeddable":true,"href":"https:\/\/migracao.redenoticia.com.br\/noticia\/wp-json\/wp\/v2\/media\/235438"}],"wp:attachment":[{"href":"https:\/\/migracao.redenoticia.com.br\/noticia\/wp-json\/wp\/v2\/media?parent=235545"}],"wp:term":[{"taxonomy":"category","embeddable":true,"href":"https:\/\/migracao.redenoticia.com.br\/noticia\/wp-json\/wp\/v2\/categories?post=235545"},{"taxonomy":"post_tag","embeddable":true,"href":"https:\/\/migracao.redenoticia.com.br\/noticia\/wp-json\/wp\/v2\/tags?post=235545"}],"curies":[{"name":"wp","href":"https:\/\/api.w.org\/{rel}","templated":true}]}}