{"id":235551,"date":"2023-08-02T15:25:25","date_gmt":"2023-08-02T18:25:25","guid":{"rendered":"https:\/\/www.redenoticia.com.br\/noticia\/?p=235551"},"modified":"2023-08-02T15:25:25","modified_gmt":"2023-08-02T18:25:25","slug":"resumo-mulheres-de-areia-03-08-tito-avisa-ao-pai-que-pediu-demissao","status":"publish","type":"post","link":"https:\/\/migracao.redenoticia.com.br\/noticia\/2023\/resumo-mulheres-de-areia-03-08-tito-avisa-ao-pai-que-pediu-demissao\/235551","title":{"rendered":"Resumo &#8220;Mulheres de Areia&#8221; 03\/08: Tito avisa ao pai que pediu demiss\u00e3o"},"content":{"rendered":"<p> <img loading=\"lazy\" decoding=\"async\" src=\"https:\/\/migracao.redenoticia.com.br\/noticia\/imagens\/mulheres-de-areia-resumo-novela-globo.jpg\" alt=\"\" width=\"1280\" height=\"720\" class=\"aligncenter size-full wp-image-233994\" srcset=\"https:\/\/migracao.redenoticia.com.br\/noticia\/imagens\/mulheres-de-areia-resumo-novela-globo.jpg 1280w, https:\/\/migracao.redenoticia.com.br\/noticia\/imagens\/mulheres-de-areia-resumo-novela-globo-250x140.jpg 250w, https:\/\/migracao.redenoticia.com.br\/noticia\/imagens\/mulheres-de-areia-resumo-novela-globo-400x225.jpg 400w, https:\/\/migracao.redenoticia.com.br\/noticia\/imagens\/mulheres-de-areia-resumo-novela-globo-768x432.jpg 768w, https:\/\/migracao.redenoticia.com.br\/noticia\/imagens\/mulheres-de-areia-resumo-novela-globo-150x84.jpg 150w\" sizes=\"auto, (max-width: 1280px) 100vw, 1280px\" \/><\/p>\n<p><em><strong>Resumo da novela &#8220;Mulheres de Areia&#8221;<\/strong><\/em> em 03\/08: no cap\u00edtulo 029(*) da novela, Clarita, Virg\u00edlio e Z\u00e9 Luiz chegam em Pontal. Tito avisa ao pai que vai para o Rio. Breno fica tenso ao ver na praia o espantalho, que \u00e9 apedrejado. Revoltada, T\u00f4nia toma as dores do prefeito e come\u00e7a a convocar o povo para ficar do lado dele. Munhoz fala que Breno foi corajoso e tomou a medida certa interditando as praias. <\/p>\n<p>Virg\u00edlio confessa a T\u00f4nia que a quer. Da Lua diz a Ruth que, quando ele ficar bom, vai se casar com ela. Tito avisa ao pai que pediu demiss\u00e3o e decidiu ficar em Pontal. Arlete promete ajudar Ruth a encontrar um bom m\u00e9dico para Da Lua. Malu acusa o pai de ter planejado o espantalho. Alzira avisa Da Lua que Ruth chegou para lev\u00e1-lo ao m\u00e9dico.<\/p>\n<p>Da Lua pede a Alzira que tome conta de Glorinha. Esta diz a Donato que Chic\u00e3o est\u00e1 comprando um barco. T\u00f4nia vai ao restaurante de Juca e diz que precisa conversar com ele e os dois acabam fazendo as pazes. Chic\u00e3o mostra para Do Carmo o barco que Tito lhe deu. Virg\u00edlio agarra T\u00f4nia, que lhe d\u00e1 uma mordida. Clarita revela a Virg\u00edlio que o viu beijando uma garota na boate. Na casa de Virg\u00edlio, Da Lua conta a todos que Raquel \u00e9 falsa e que n\u00e3o gosta de Marcos. Ap\u00f3s discutir com Raquel, Marcos fica desapontado com ela.<\/p>\n<p>(*) edi\u00e7\u00e3o das novelas da Globo, &#8220;Mulheres de Areia&#8221;, sujeito a altera\u00e7\u00e3o de data e conte\u00fado.<\/p>\n<p>Sinopse &#8220;Mulheres de Areia&#8221;: Ap\u00f3s anos Ruth volta a morar com os pais, o casal de pescadores Isaura e Floriano, e com sua irm\u00e3 g\u00eamea, Raquel. Ruth e Raquel, apesar de fisicamente id\u00eanticas, t\u00eam personalidades totalmente opostas. Ruth \u00e9 doce, calma, humilde e possui um bom cora\u00e7\u00e3o; enquanto Raquel \u00e9 ego\u00edsta, ambiciosa, agressiva e m\u00e1. Raquel finge ser Ruth para conquistar o jovem empres\u00e1rio Marcos Assun\u00e7\u00e3o, que a irm\u00e3 conheceu a caminho de Pontal. Mesmo apaixonado por Ruth, Marcos acaba envolvido pelo charme e sensualidade de Raquel, e acaba casando-se com ela. A uni\u00e3o n\u00e3o impede que Raquel continue a se encontrar \u00e0s escondidas com o malandro e mau-car\u00e1ter Wanderley, seu amante e c\u00famplice. Em Pontal D&#8217;Areia vive ainda Tonho da Lua, que esculpe mulheres de areia na praia, e alimenta um amor plat\u00f4nico por Ruth, sua protetora. Raquel, por sua vez, o persegue e inferniza sua vida, destruindo suas esculturas e o ofendendo sempre que pode.<\/p>\n","protected":false},"excerpt":{"rendered":"<p>Resumo da novela &#8220;Mulheres de Areia&#8221; em 03\/08: no cap\u00edtulo 029(*) da novela, Clarita, Virg\u00edlio e Z\u00e9 Luiz chegam em Pontal. Tito avisa ao pai que vai para o Rio. Breno fica tenso ao ver na praia o espantalho, que \u00e9 apedrejado. Revoltada, T\u00f4nia toma as dores do prefeito e come\u00e7a a convocar o povo [&hellip;]<\/p>\n","protected":false},"author":4,"featured_media":233993,"comment_status":"closed","ping_status":"closed","sticky":false,"template":"","format":"standard","meta":{"tdm_status":"","tdm_grid_status":"","footnotes":""},"categories":[2309,379,375,2025,343],"tags":[441],"class_list":{"0":"post-235551","1":"post","2":"type-post","3":"status-publish","4":"format-standard","5":"has-post-thumbnail","7":"category-mulheres-de-areia","8":"category-novelas","9":"category-rede-globo","10":"category-resumo","11":"category-televisao","12":"tag-resumo-do-dia"},"_links":{"self":[{"href":"https:\/\/migracao.redenoticia.com.br\/noticia\/wp-json\/wp\/v2\/posts\/235551","targetHints":{"allow":["GET"]}}],"collection":[{"href":"https:\/\/migracao.redenoticia.com.br\/noticia\/wp-json\/wp\/v2\/posts"}],"about":[{"href":"https:\/\/migracao.redenoticia.com.br\/noticia\/wp-json\/wp\/v2\/types\/post"}],"author":[{"embeddable":true,"href":"https:\/\/migracao.redenoticia.com.br\/noticia\/wp-json\/wp\/v2\/users\/4"}],"replies":[{"embeddable":true,"href":"https:\/\/migracao.redenoticia.com.br\/noticia\/wp-json\/wp\/v2\/comments?post=235551"}],"version-history":[{"count":0,"href":"https:\/\/migracao.redenoticia.com.br\/noticia\/wp-json\/wp\/v2\/posts\/235551\/revisions"}],"wp:featuredmedia":[{"embeddable":true,"href":"https:\/\/migracao.redenoticia.com.br\/noticia\/wp-json\/wp\/v2\/media\/233993"}],"wp:attachment":[{"href":"https:\/\/migracao.redenoticia.com.br\/noticia\/wp-json\/wp\/v2\/media?parent=235551"}],"wp:term":[{"taxonomy":"category","embeddable":true,"href":"https:\/\/migracao.redenoticia.com.br\/noticia\/wp-json\/wp\/v2\/categories?post=235551"},{"taxonomy":"post_tag","embeddable":true,"href":"https:\/\/migracao.redenoticia.com.br\/noticia\/wp-json\/wp\/v2\/tags?post=235551"}],"curies":[{"name":"wp","href":"https:\/\/api.w.org\/{rel}","templated":true}]}}