{"id":235587,"date":"2023-08-03T15:51:25","date_gmt":"2023-08-03T18:51:25","guid":{"rendered":"https:\/\/www.redenoticia.com.br\/noticia\/?p=235587"},"modified":"2023-08-03T15:51:25","modified_gmt":"2023-08-03T18:51:25","slug":"resumo-terra-e-paixao-04-08-anely-e-flagrada-por-berenice-no-quarto-de-nice","status":"publish","type":"post","link":"https:\/\/migracao.redenoticia.com.br\/noticia\/2023\/resumo-terra-e-paixao-04-08-anely-e-flagrada-por-berenice-no-quarto-de-nice\/235587","title":{"rendered":"Resumo &#8220;Terra e Paix\u00e3o&#8221; 04\/08: Anely \u00e9 flagrada por Berenice no quarto de Nice"},"content":{"rendered":"<p> <img loading=\"lazy\" decoding=\"async\" src=\"https:\/\/migracao.redenoticia.com.br\/noticia\/imagens\/novela-terra-e-paixao-resumo.jpg\" alt=\"\" width=\"1280\" height=\"720\" class=\"aligncenter size-full wp-image-231930\" srcset=\"https:\/\/migracao.redenoticia.com.br\/noticia\/imagens\/novela-terra-e-paixao-resumo.jpg 1280w, https:\/\/migracao.redenoticia.com.br\/noticia\/imagens\/novela-terra-e-paixao-resumo-250x140.jpg 250w, https:\/\/migracao.redenoticia.com.br\/noticia\/imagens\/novela-terra-e-paixao-resumo-400x225.jpg 400w, https:\/\/migracao.redenoticia.com.br\/noticia\/imagens\/novela-terra-e-paixao-resumo-768x432.jpg 768w, https:\/\/migracao.redenoticia.com.br\/noticia\/imagens\/novela-terra-e-paixao-resumo-150x84.jpg 150w\" sizes=\"auto, (max-width: 1280px) 100vw, 1280px\" \/> <\/p>\n<p><strong><em>Resumo da novela &#8220;Terra e Paix\u00e3o&#8221;<\/em><\/strong> em 04\/08: no cap\u00edtulo 077(*) da novela, Anely comenta com Lucinda sobre sua desconfian\u00e7a de que Gladys tenha contratado o m\u00e9dico e a enfermeira para dizer que Gra\u00e7a estava doente, com o objetivo de sensibilizar Caio. Anely fotografa um c\u00f3digo que encontra na B\u00edblia de Nice. Ademir aconselha Caio a ficar com Aline. Anely \u00e9 flagrada por Berenice no quarto de Nice e acaba contando que existem barras de ouro escondidas no bar. Angelina comenta com Lucinda que viu Irene pagando dois atores. Irene seduz Ant\u00f4nio.<\/p>\n<p>Aline impede que Andrade agrida Lucinda. Caio flagra Luigi em seu quarto. Ant\u00f4nio revela a Irene que o ge\u00f3logo acredita que existem diamantes nas terras de Aline. Luigi mostra a Anely fotos dos c\u00f3digos que conseguiu no quarto de Caio. Kelvin conta a Ramiro sobre as barras de ouro. Lucinda comenta com Aline que Irene pode ter contratado atores para se fingirem de m\u00e9dico e enfermeira de Gra\u00e7a. Ant\u00f4nio fica furioso ao descobrir que a segunda parcela da d\u00edvida de Aline foi paga. Aline agradece Caio por pagar seu empr\u00e9stimo. Dalva fica preocupada com a visita de Ademir a Ernesto. Caio pergunta a Gra\u00e7a se ela est\u00e1 querendo engan\u00e1-lo.<\/p>\n<p>(*) edi\u00e7\u00e3o das novelas da Globo, &#8220;Terra e Paix\u00e3o&#8221;, sujeito a altera\u00e7\u00e3o de data e conte\u00fado.<\/p>\n<p>Sinopse &#8220;Terra e Paix\u00e3o&#8221;: Aline vive ao lado do marido Samuel e do filho Jo\u00e3o. Ap\u00f3s um atentado em sua casa, v\u00ea-se sozinha com o menino diante das terras deixadas pelo marido. Aline aprende a plantar com a ajuda de Jonatas, um amigo fiel. Al\u00e9m de contar com ele, tem ao seu lado sua m\u00e3e. Aline se aproxima dos irm\u00e3os Caio e Daniel, filhos do poderoso fazendeiro Ant\u00f4nio, com quem precisa brigar para manter suas terras. Ao lado dos dois rapazes, descobre sentimentos novos. Ant\u00f4nio La Selva \u00e9 casado com Irene com quem tem dois filhos, Daniel e Petra. Ele foi muito apaixonado por Agatha, com quem teve Caio, e culpa o rapaz pela morte da m\u00e3e no pr\u00e9-parto. <\/p>\n","protected":false},"excerpt":{"rendered":"<p>Resumo da novela &#8220;Terra e Paix\u00e3o&#8221; em 04\/08: no cap\u00edtulo 077(*) da novela, Anely comenta com Lucinda sobre sua desconfian\u00e7a de que Gladys tenha contratado o m\u00e9dico e a enfermeira para dizer que Gra\u00e7a estava doente, com o objetivo de sensibilizar Caio. Anely fotografa um c\u00f3digo que encontra na B\u00edblia de Nice. Ademir aconselha Caio [&hellip;]<\/p>\n","protected":false},"author":3,"featured_media":231928,"comment_status":"closed","ping_status":"closed","sticky":false,"template":"","format":"standard","meta":{"tdm_status":"","tdm_grid_status":"","footnotes":""},"categories":[379,375,2025,343,2305],"tags":[441],"class_list":{"0":"post-235587","1":"post","2":"type-post","3":"status-publish","4":"format-standard","5":"has-post-thumbnail","7":"category-novelas","8":"category-rede-globo","9":"category-resumo","10":"category-televisao","11":"category-terra-e-paixao","12":"tag-resumo-do-dia"},"_links":{"self":[{"href":"https:\/\/migracao.redenoticia.com.br\/noticia\/wp-json\/wp\/v2\/posts\/235587","targetHints":{"allow":["GET"]}}],"collection":[{"href":"https:\/\/migracao.redenoticia.com.br\/noticia\/wp-json\/wp\/v2\/posts"}],"about":[{"href":"https:\/\/migracao.redenoticia.com.br\/noticia\/wp-json\/wp\/v2\/types\/post"}],"author":[{"embeddable":true,"href":"https:\/\/migracao.redenoticia.com.br\/noticia\/wp-json\/wp\/v2\/users\/3"}],"replies":[{"embeddable":true,"href":"https:\/\/migracao.redenoticia.com.br\/noticia\/wp-json\/wp\/v2\/comments?post=235587"}],"version-history":[{"count":0,"href":"https:\/\/migracao.redenoticia.com.br\/noticia\/wp-json\/wp\/v2\/posts\/235587\/revisions"}],"wp:featuredmedia":[{"embeddable":true,"href":"https:\/\/migracao.redenoticia.com.br\/noticia\/wp-json\/wp\/v2\/media\/231928"}],"wp:attachment":[{"href":"https:\/\/migracao.redenoticia.com.br\/noticia\/wp-json\/wp\/v2\/media?parent=235587"}],"wp:term":[{"taxonomy":"category","embeddable":true,"href":"https:\/\/migracao.redenoticia.com.br\/noticia\/wp-json\/wp\/v2\/categories?post=235587"},{"taxonomy":"post_tag","embeddable":true,"href":"https:\/\/migracao.redenoticia.com.br\/noticia\/wp-json\/wp\/v2\/tags?post=235587"}],"curies":[{"name":"wp","href":"https:\/\/api.w.org\/{rel}","templated":true}]}}