{"id":2356,"date":"2009-06-04T21:38:13","date_gmt":"2009-06-05T01:38:13","guid":{"rendered":"http:\/\/www.redenoticia.com.br\/noticia\/?p=2356"},"modified":"2009-06-04T21:38:13","modified_gmt":"2009-06-05T01:38:13","slug":"licenca-de-instalacao-para-usina-de-jirau-exige-melhorias-no-projeto","status":"publish","type":"post","link":"https:\/\/migracao.redenoticia.com.br\/noticia\/2009\/licenca-de-instalacao-para-usina-de-jirau-exige-melhorias-no-projeto\/2356","title":{"rendered":"Licen\u00e7a de instala\u00e7\u00e3o para Usina de Jirau exige melhorias no projeto"},"content":{"rendered":"<p><span class=\"titulo11\"><\/span><span class=\"assinatura11\"><span style=\"font-size: 11pt; font-family: Arial;\"> <\/span><\/span><span style=\"font-size: 11pt; font-family: Arial; color: windowtext;\">A <a href=\"http:\/\/www.agenciabrasil.gov.br\/noticias\/2009\/06\/03\/materia.2009-06-03.9838669695\/view\" target=\"_self\"><span style=\"color: windowtext;\">licen\u00e7a de instala\u00e7\u00e3o para a Usina Hidrel\u00e9trica de Jirau<\/span><\/a>, no Rio Madeira Rond\u00f4nia, concedida ontem (3) pelo Instituto Brasileiro do Meio Ambiente e dos Recursos Naturais Renov\u00e1veis (Ibama), lista 54 condicionantes a serem cumpridas pela concession\u00e1ria Energia Sustent\u00e1vel do Brasil (ESBR), grande parte com exig\u00eancias de readequa\u00e7\u00e3o ou reapresenta\u00e7\u00e3o de estudos e documentos para detalhar ou melhorar medidas.<\/p>\n<p>O Ibama exige, por exemplo, o detalhamento da \u00e1rea efetiva a ser inundada pelo reservat\u00f3rio, que teve o local alterado em 9 quil\u00f4metros ap\u00f3s o leil\u00e3o.<\/p>\n<p>As exig\u00eancias v\u00e3o desde a garantia de acesso para peixes migradores e monitoramento da qualidade da \u00e1gua a compensa\u00e7\u00f5es sociais para as fam\u00edlias que ser\u00e3o atingidas pelo reservat\u00f3rio e investimentos econ\u00f4micos nos munic\u00edpios de Porto Velho e Jaci-Paran\u00e1. A licen\u00e7a determina a aplica\u00e7\u00e3o de R$ 45 milh\u00f5es em projetos de sa\u00fade, educa\u00e7\u00e3o, planejamento urbano e seguran\u00e7a p\u00fablica nas duas cidades.<\/p>\n<p>A licen\u00e7a tamb\u00e9m estabelece que o cons\u00f3rcio deve apresentar os projetos de altera\u00e7\u00f5es da BR-364, que liga Cuiab\u00e1 a Porto Velho, a serem acompanhados pelo Departamento Nacional de Infraestrutura de Transportes (Dnit).<\/p>\n<p>A ESBR dever\u00e1 detalhar as propostas de forma\u00e7\u00e3o de \u00c1rea de Preserva\u00e7\u00e3o Permanente (APP) em torno do reservat\u00f3rio e comprar \u00e1reas equivalentes \u00e0s reservas legais (percentual m\u00ednimo de vegeta\u00e7\u00e3o nativa em uma propriedade) desmatadas para constru\u00e7\u00e3o do canteiro e forma\u00e7\u00e3o do reservat\u00f3rio.<\/p>\n<p>O cadastramento das comunidades que ser\u00e3o atingidas pela barragem dever\u00e1 ser monitorado pelo Ibama. A concession\u00e1ria ainda dever\u00e1 garantir assist\u00eancia jur\u00eddica e social aos deslocados durante a negocia\u00e7\u00e3o, inclusive com \u201cajuda financeira de car\u00e1ter emergencial\u201d, de acordo com a licen\u00e7a.<\/p>\n<p>Em nota, a ESBR informou que retomou as obras imediatamente, ainda na noite de ontem. A empresa vai atualizar o cronograma, mas pretende aumentar o ritmo da constru\u00e7\u00e3o para que a <a href=\"http:\/\/www.agenciabrasil.gov.br\/noticias\/2009\/05\/20\/materia.2009-05-20.3252254086\/view\" target=\"_self\"><span style=\"color: windowtext;\">paralisa\u00e7\u00e3o das obras por cerca de duas semanas<\/span><\/a> n\u00e3o comprometa a previs\u00e3o de iniciar a opera\u00e7\u00e3o da usina em 2012.<\/p>\n<p>Com a licen\u00e7a de instala\u00e7\u00e3o definitiva, a concession\u00e1ria iniciar\u00e1 a implanta\u00e7\u00e3o de duas casas de for\u00e7a, do vertedouro (mecanismo usado para escoar a \u00e1gua em excesso que chega ao reservat\u00f3rio) e do barramento do projeto, al\u00e9m da montagem dos equipamentos eletromec\u00e2nicos e industriais, como turbinas, geradores, transformadores e a linha de transmiss\u00e3o da energia que ser\u00e1 gerada por Jirau. <\/span><span style=\"font-size: 11pt; font-family: Arial;\"><\/span><\/p>\n<p class=\"MsoNormal\" style=\"margin-bottom: 12pt;\"><span class=\"assinatura11\"><span style=\"font-size: 11pt; font-family: Arial;\">Luana Louren\u00e7o <\/span><\/span><span style=\"font-size: 11pt; font-family: Arial;\"><br \/>\n<span class=\"assinatura11\"><em><span style=\"font-family: Arial;\">Rep\u00f3rter da Ag\u00eancia Brasil<\/span><\/em><\/span><span class=\"assinatura11\"><span style=\"font-family: Arial;\"> <\/span><\/span><\/span><\/p>\n","protected":false},"excerpt":{"rendered":"<p>A licen\u00e7a de instala\u00e7\u00e3o para a Usina Hidrel\u00e9trica de Jirau, no Rio Madeira Rond\u00f4nia, concedida ontem (3) pelo Instituto Brasileiro do Meio Ambiente e dos Recursos Naturais Renov\u00e1veis (Ibama), lista 54 condicionantes a serem cumpridas pela concession\u00e1ria Energia Sustent\u00e1vel do Brasil (ESBR), grande parte com exig\u00eancias de readequa\u00e7\u00e3o ou reapresenta\u00e7\u00e3o de estudos e documentos para [&hellip;]<\/p>\n","protected":false},"author":3,"featured_media":0,"comment_status":"open","ping_status":"open","sticky":false,"template":"","format":"standard","meta":{"tdm_status":"","tdm_grid_status":"","footnotes":""},"categories":[22],"tags":[],"class_list":{"0":"post-2356","1":"post","2":"type-post","3":"status-publish","4":"format-standard","6":"category-brasil"},"_links":{"self":[{"href":"https:\/\/migracao.redenoticia.com.br\/noticia\/wp-json\/wp\/v2\/posts\/2356","targetHints":{"allow":["GET"]}}],"collection":[{"href":"https:\/\/migracao.redenoticia.com.br\/noticia\/wp-json\/wp\/v2\/posts"}],"about":[{"href":"https:\/\/migracao.redenoticia.com.br\/noticia\/wp-json\/wp\/v2\/types\/post"}],"author":[{"embeddable":true,"href":"https:\/\/migracao.redenoticia.com.br\/noticia\/wp-json\/wp\/v2\/users\/3"}],"replies":[{"embeddable":true,"href":"https:\/\/migracao.redenoticia.com.br\/noticia\/wp-json\/wp\/v2\/comments?post=2356"}],"version-history":[{"count":0,"href":"https:\/\/migracao.redenoticia.com.br\/noticia\/wp-json\/wp\/v2\/posts\/2356\/revisions"}],"wp:attachment":[{"href":"https:\/\/migracao.redenoticia.com.br\/noticia\/wp-json\/wp\/v2\/media?parent=2356"}],"wp:term":[{"taxonomy":"category","embeddable":true,"href":"https:\/\/migracao.redenoticia.com.br\/noticia\/wp-json\/wp\/v2\/categories?post=2356"},{"taxonomy":"post_tag","embeddable":true,"href":"https:\/\/migracao.redenoticia.com.br\/noticia\/wp-json\/wp\/v2\/tags?post=2356"}],"curies":[{"name":"wp","href":"https:\/\/api.w.org\/{rel}","templated":true}]}}