{"id":235657,"date":"2023-08-05T18:44:08","date_gmt":"2023-08-05T21:44:08","guid":{"rendered":"https:\/\/www.redenoticia.com.br\/noticia\/?p=235657"},"modified":"2023-08-05T18:44:08","modified_gmt":"2023-08-05T21:44:08","slug":"resumo-meu-pecado-07-08-o-medico-comunica-a-paulino-que-sua-esposa-esta-gravida","status":"publish","type":"post","link":"https:\/\/migracao.redenoticia.com.br\/noticia\/2023\/resumo-meu-pecado-07-08-o-medico-comunica-a-paulino-que-sua-esposa-esta-gravida\/235657","title":{"rendered":"Resumo \u201cMeu Pecado\u201d 07\/08: o m\u00e9dico comunica a Paulino que sua esposa est\u00e1 gr\u00e1vida"},"content":{"rendered":"<p> <img loading=\"lazy\" decoding=\"async\" class=\"aligncenter size-full wp-image-235437\" src=\"https:\/\/migracao.redenoticia.com.br\/noticia\/imagens\/novela-meu-pecado-resumo-capitulos-elenco-personagens-logo-redenoticia-sbt.jpg\" alt=\"\" width=\"1280\" height=\"720\" srcset=\"https:\/\/migracao.redenoticia.com.br\/noticia\/imagens\/novela-meu-pecado-resumo-capitulos-elenco-personagens-logo-redenoticia-sbt.jpg 1280w, https:\/\/migracao.redenoticia.com.br\/noticia\/imagens\/novela-meu-pecado-resumo-capitulos-elenco-personagens-logo-redenoticia-sbt-250x140.jpg 250w, https:\/\/migracao.redenoticia.com.br\/noticia\/imagens\/novela-meu-pecado-resumo-capitulos-elenco-personagens-logo-redenoticia-sbt-400x225.jpg 400w, https:\/\/migracao.redenoticia.com.br\/noticia\/imagens\/novela-meu-pecado-resumo-capitulos-elenco-personagens-logo-redenoticia-sbt-768x432.jpg 768w, https:\/\/migracao.redenoticia.com.br\/noticia\/imagens\/novela-meu-pecado-resumo-capitulos-elenco-personagens-logo-redenoticia-sbt-150x84.jpg 150w\" sizes=\"auto, (max-width: 1280px) 100vw, 1280px\" \/><\/p>\n<p><strong><em>Resumo da novela \u201cMeu Pecado\u201d<\/em><\/strong> em 07\/08: no cap\u00edtulo 006(*) da novela, Delfina encontra Ros\u00e1rio desfalecido com um frasco de rem\u00e9dio vazio a seu lado. O m\u00e9dico \u00e9 chamado, Ros\u00e1rio recobra a consci\u00eancia e diz ao marido que n\u00e3o sabe como vai continuar vivendo sem seu filho. Lucr\u00e9cia, completamente esquecida pelos pais, sofre pela morte do irm\u00e3o. Justina quer deixar o povoado, mas Rodolfo \u00e9 contra e diz que seria como aceitar a culpa de Juliano e, em seguida, diz que talvez ela tenha um motivo para querer fugir. <\/p>\n<p>Justina pro\u00edbe os filhos de voltarem a ver Lucr\u00e9cia. Lucr\u00e9cia sai escondida da fazenda para ver Juliano e diz ao amigo que sabe que ele n\u00e3o foi culpado pela morte de seu irm\u00e3o. Padre Matias tenta convencer Paulino que a morte de seu filho foi um acidente, mas \u00e9 interrompido por Ros\u00e1rio que volta a acusar o menino. Ros\u00e1rio amea\u00e7a mandar a filha para um col\u00e9gio interno se voltar a se encontrar com Juliano. Ros\u00e1rio vai at\u00e9 o cemit\u00e9rio para visitar o t\u00famulo do filho e sofre um desmaio. Ela \u00e9 levada para o hospital e o m\u00e9dico comunica a Paulino que sua esposa est\u00e1 gr\u00e1vida. <\/p>\n<p>(*) edi\u00e7\u00e3o das novelas do SBT, \u201cMeu Pecado\u201d, sujeito a altera\u00e7\u00e3o de data e conte\u00fado.<\/p>\n<p>Sinopse \u201cMeu Pecado\u201d: Com o passar dos anos, Lucr\u00e9cia (Maite Perroni) e Juliano (Eugenio Siller) se reencontram e seu amor renasce. Lucr\u00e9cia n\u00e3o volta sozinha, vem acompanhada de sua prima Renata (Jessica Coch), que assassinou a diretora do internato em que ela e Lucr\u00e9cia estudavam. Paulino sofre uma crise econ\u00f4mica e Ramiro exige casar com sua filha Lucr\u00e9cia. Mas Carmelo se imp\u00f5e contra o casamento, e o assassina a tiros.<\/p>\n<p>Juliano \u00e9 acusado injustamente por este crime e com isso Lucr\u00e9cia se v\u00ea obrigada a casar-se com Carmelo para evitar a ru\u00edna de seu pai e que Juliano fosse acusado injustamente. Juliano vai embora do povoado, convencido de que Lucr\u00e9cia o traiu. Um tempo depois, Carmelo fica sabendo que Juliano voltou e se inicia a guerra entre os dois pelo amor de Lucr\u00e9cia. No final, Lucr\u00e9cia descobre o porque da rejei\u00e7\u00e3o misteriosa da sua m\u00e3e.<\/p>\n","protected":false},"excerpt":{"rendered":"<p>Resumo da novela \u201cMeu Pecado\u201d em 07\/08: no cap\u00edtulo 006(*) da novela, Delfina encontra Ros\u00e1rio desfalecido com um frasco de rem\u00e9dio vazio a seu lado. O m\u00e9dico \u00e9 chamado, Ros\u00e1rio recobra a consci\u00eancia e diz ao marido que n\u00e3o sabe como vai continuar vivendo sem seu filho. Lucr\u00e9cia, completamente esquecida pelos pais, sofre pela morte [&hellip;]<\/p>\n","protected":false},"author":5,"featured_media":235438,"comment_status":"closed","ping_status":"closed","sticky":false,"template":"","format":"standard","meta":{"tdm_status":"","tdm_grid_status":"","footnotes":""},"categories":[2313,379,2025,372,343],"tags":[441],"class_list":{"0":"post-235657","1":"post","2":"type-post","3":"status-publish","4":"format-standard","5":"has-post-thumbnail","7":"category-meu-pecado","8":"category-novelas","9":"category-resumo","10":"category-sbt","11":"category-televisao","12":"tag-resumo-do-dia"},"_links":{"self":[{"href":"https:\/\/migracao.redenoticia.com.br\/noticia\/wp-json\/wp\/v2\/posts\/235657","targetHints":{"allow":["GET"]}}],"collection":[{"href":"https:\/\/migracao.redenoticia.com.br\/noticia\/wp-json\/wp\/v2\/posts"}],"about":[{"href":"https:\/\/migracao.redenoticia.com.br\/noticia\/wp-json\/wp\/v2\/types\/post"}],"author":[{"embeddable":true,"href":"https:\/\/migracao.redenoticia.com.br\/noticia\/wp-json\/wp\/v2\/users\/5"}],"replies":[{"embeddable":true,"href":"https:\/\/migracao.redenoticia.com.br\/noticia\/wp-json\/wp\/v2\/comments?post=235657"}],"version-history":[{"count":0,"href":"https:\/\/migracao.redenoticia.com.br\/noticia\/wp-json\/wp\/v2\/posts\/235657\/revisions"}],"wp:featuredmedia":[{"embeddable":true,"href":"https:\/\/migracao.redenoticia.com.br\/noticia\/wp-json\/wp\/v2\/media\/235438"}],"wp:attachment":[{"href":"https:\/\/migracao.redenoticia.com.br\/noticia\/wp-json\/wp\/v2\/media?parent=235657"}],"wp:term":[{"taxonomy":"category","embeddable":true,"href":"https:\/\/migracao.redenoticia.com.br\/noticia\/wp-json\/wp\/v2\/categories?post=235657"},{"taxonomy":"post_tag","embeddable":true,"href":"https:\/\/migracao.redenoticia.com.br\/noticia\/wp-json\/wp\/v2\/tags?post=235657"}],"curies":[{"name":"wp","href":"https:\/\/api.w.org\/{rel}","templated":true}]}}