{"id":23566,"date":"2010-02-21T19:14:19","date_gmt":"2010-02-21T23:14:19","guid":{"rendered":"http:\/\/www.redenoticia.com.br\/noticia\/?p=23566"},"modified":"2010-02-21T19:14:19","modified_gmt":"2010-02-21T23:14:19","slug":"sisu-resultado-ja-esta-disponivel-para-consulta","status":"publish","type":"post","link":"https:\/\/migracao.redenoticia.com.br\/noticia\/2010\/sisu-resultado-ja-esta-disponivel-para-consulta\/23566","title":{"rendered":"SISU &#8211; Resultado j\u00e1 est\u00e1 dispon\u00edvel para consulta"},"content":{"rendered":"<p><strong><em><span style=\"font-style: normal; font-weight: normal;\"><img loading=\"lazy\" decoding=\"async\" class=\"alignleft size-full wp-image-22752\" title=\"sisu enem mec\" src=\"https:\/\/migracao.redenoticia.com.br\/noticia\/imagens\/sisu-enem-mec.jpg\" alt=\"\" width=\"300\" height=\"193\" srcset=\"https:\/\/migracao.redenoticia.com.br\/noticia\/imagens\/sisu-enem-mec.jpg 300w, https:\/\/migracao.redenoticia.com.br\/noticia\/imagens\/sisu-enem-mec-250x161.jpg 250w, https:\/\/migracao.redenoticia.com.br\/noticia\/imagens\/sisu-enem-mec-150x97.jpg 150w\" sizes=\"auto, (max-width: 300px) 100vw, 300px\" \/><\/span>SISU<\/em><\/strong> &#8211; Os candidatos inscritos na segunda etapa do Sistema de Sele\u00e7\u00e3o Unificada (Sisu) j\u00e1 podem consultar o <strong><em>resultado<\/em><\/strong>. <a href=\"http:\/\/sisu.mec.gov.br\/resultado.html\" target=\"_blank\">Clique aqui e acesse<\/a>\u00a0a lista de aprovados. Resultado \u2013 No s\u00edtio do Sisu, \u00e9 poss\u00edvel consultar o resultado pesquisando por unidade federativa, institui\u00e7\u00e3o de ensino, campus e curso. Como resultado da busca, ser\u00e1 exibida a lista dos classificados com identifica\u00e7\u00e3o do nome e n\u00famero de inscri\u00e7\u00e3o do candidato no <strong><em>Enem<\/em><\/strong>.<\/p>\n<p>Do total de inscritos, 29.090 candidatos foram selecionados e t\u00eam o prazo de 23 a 26 de fevereiro para efetuar a matr\u00edcula nas universidades e institutos federais de educa\u00e7\u00e3o, ci\u00eancia e tecnologia. Entre os dias 15 e 20 de fevereiro, 550.972 estudantes se inscreveram para as vagas oferecidas na segunda etapa da sele\u00e7\u00e3o unificada.<\/p>\n<p>Os candidatos inscritos poder\u00e3o acessar o sistema, a partir de segunda-feira, 22, informando o n\u00famero de inscri\u00e7\u00e3o no Enem e a senha cadastrada no Sisu, para consultar sua nota final ap\u00f3s a pondera\u00e7\u00e3o dos pesos atribu\u00eddos pelas institui\u00e7\u00f5es e saber como foi feito o c\u00e1lculo. Al\u00e9m disso, o aluno saber\u00e1 sua classifica\u00e7\u00e3o no curso escolhido e os documentos exigidos pela institui\u00e7\u00e3o para que seja efetuada a matr\u00edcula.<\/p>\n<p>Etapa complementar \u2013 A ocupa\u00e7\u00e3o da vaga s\u00f3 \u00e9 confirmada ap\u00f3s a realiza\u00e7\u00e3o da matr\u00edcula na institui\u00e7\u00e3o. As vagas n\u00e3o ocupadas ser\u00e3o ofertadas novamente em uma etapa complementar de inscri\u00e7\u00f5es, que vai de 1\u00ba a 3 de mar\u00e7o. Os candidatos n\u00e3o selecionados na primeira e segunda etapas poder\u00e3o se inscrever novamente na etapa complementar, assim como aqueles que ainda n\u00e3o se inscreveram no Sisu.<\/p>\n<p>Participam da primeira edi\u00e7\u00e3o da sele\u00e7\u00e3o unificada 23 universidades e 26 institutos federais. Al\u00e9m das institui\u00e7\u00f5es federais, a Universidade Estadual do Norte Fluminense (Uenf) e a Escola Nacional de Ci\u00eancias Estat\u00edsticas do IBGE tamb\u00e9m participam do Sisu.\u00a0 (Assessoria de Comunica\u00e7\u00e3o Social)<\/p>\n<p>Enem Sisu &#8211; Resultado<br \/>\n<span style=\"color: #0000ee; text-decoration: underline;\"><br \/>\n<\/span><\/p>\n","protected":false},"excerpt":{"rendered":"<p>SISU &#8211; Os candidatos inscritos na segunda etapa do Sistema de Sele\u00e7\u00e3o Unificada (Sisu) j\u00e1 podem consultar o resultado. Clique aqui e acesse\u00a0a lista de aprovados. Resultado \u2013 No s\u00edtio do Sisu, \u00e9 poss\u00edvel consultar o resultado pesquisando por unidade federativa, institui\u00e7\u00e3o de ensino, campus e curso. Como resultado da busca, ser\u00e1 exibida a lista [&hellip;]<\/p>\n","protected":false},"author":3,"featured_media":0,"comment_status":"open","ping_status":"open","sticky":false,"template":"","format":"standard","meta":{"tdm_status":"","tdm_grid_status":"","footnotes":""},"categories":[22,370,295],"tags":[],"class_list":{"0":"post-23566","1":"post","2":"type-post","3":"status-publish","4":"format-standard","6":"category-brasil","7":"category-inscricao","8":"category-vestibular"},"_links":{"self":[{"href":"https:\/\/migracao.redenoticia.com.br\/noticia\/wp-json\/wp\/v2\/posts\/23566","targetHints":{"allow":["GET"]}}],"collection":[{"href":"https:\/\/migracao.redenoticia.com.br\/noticia\/wp-json\/wp\/v2\/posts"}],"about":[{"href":"https:\/\/migracao.redenoticia.com.br\/noticia\/wp-json\/wp\/v2\/types\/post"}],"author":[{"embeddable":true,"href":"https:\/\/migracao.redenoticia.com.br\/noticia\/wp-json\/wp\/v2\/users\/3"}],"replies":[{"embeddable":true,"href":"https:\/\/migracao.redenoticia.com.br\/noticia\/wp-json\/wp\/v2\/comments?post=23566"}],"version-history":[{"count":0,"href":"https:\/\/migracao.redenoticia.com.br\/noticia\/wp-json\/wp\/v2\/posts\/23566\/revisions"}],"wp:attachment":[{"href":"https:\/\/migracao.redenoticia.com.br\/noticia\/wp-json\/wp\/v2\/media?parent=23566"}],"wp:term":[{"taxonomy":"category","embeddable":true,"href":"https:\/\/migracao.redenoticia.com.br\/noticia\/wp-json\/wp\/v2\/categories?post=23566"},{"taxonomy":"post_tag","embeddable":true,"href":"https:\/\/migracao.redenoticia.com.br\/noticia\/wp-json\/wp\/v2\/tags?post=23566"}],"curies":[{"name":"wp","href":"https:\/\/api.w.org\/{rel}","templated":true}]}}