{"id":235669,"date":"2023-08-05T19:38:17","date_gmt":"2023-08-05T22:38:17","guid":{"rendered":"https:\/\/www.redenoticia.com.br\/noticia\/?p=235669"},"modified":"2023-08-05T19:38:17","modified_gmt":"2023-08-05T22:38:17","slug":"resumo-terra-e-paixao-07-08-caio-acredita-que-graca-sofreu-um-desmaio","status":"publish","type":"post","link":"https:\/\/migracao.redenoticia.com.br\/noticia\/2023\/resumo-terra-e-paixao-07-08-caio-acredita-que-graca-sofreu-um-desmaio\/235669","title":{"rendered":"Resumo &#8220;Terra e Paix\u00e3o&#8221; 07\/08: Caio acredita que Gra\u00e7a sofreu um desmaio"},"content":{"rendered":"<p> <img loading=\"lazy\" decoding=\"async\" src=\"https:\/\/migracao.redenoticia.com.br\/noticia\/imagens\/novela-terra-e-paixao-resumo.jpg\" alt=\"\" width=\"1280\" height=\"720\" class=\"aligncenter size-full wp-image-231930\" srcset=\"https:\/\/migracao.redenoticia.com.br\/noticia\/imagens\/novela-terra-e-paixao-resumo.jpg 1280w, https:\/\/migracao.redenoticia.com.br\/noticia\/imagens\/novela-terra-e-paixao-resumo-250x140.jpg 250w, https:\/\/migracao.redenoticia.com.br\/noticia\/imagens\/novela-terra-e-paixao-resumo-400x225.jpg 400w, https:\/\/migracao.redenoticia.com.br\/noticia\/imagens\/novela-terra-e-paixao-resumo-768x432.jpg 768w, https:\/\/migracao.redenoticia.com.br\/noticia\/imagens\/novela-terra-e-paixao-resumo-150x84.jpg 150w\" sizes=\"auto, (max-width: 1280px) 100vw, 1280px\" \/> <\/p>\n<p><strong><em>Resumo da novela &#8220;Terra e Paix\u00e3o&#8221;<\/em><\/strong> em 07\/08: no cap\u00edtulo 079(*) da novela, Caio pergunta a Gra\u00e7a se ela est\u00e1 querendo engan\u00e1-lo. Gra\u00e7a finge um desmaio e Caio acredita. Ele garante que honrar\u00e1 o compromisso com ela. Ant\u00f4nio se sente tra\u00eddo por Caio. Caio pergunta a Ant\u00f4nio qual o interesse que ele teria nas terras de Aline. Vinicius e Irene se encontram. Luigi e Anely observam Irene e Vinicius juntos. Ademir diz a Caio que as desconfian\u00e7as do sobrinho sobre Ernesto podem ter fundamento. Andrade reclama de Lucinda com Nice. Petra atropela Andrade. Caio e Aline se encontram.<\/p>\n<p>Aline decide se afastar de Caio. Petra deixa Andrade ca\u00eddo na estrada. Andrade \u00e9 levado ao hospital em situa\u00e7\u00e3o grave. Lucinda encontra uma placa de carro no local onde o marido foi acidentado e conclui que a pessoa que o atropelou omitiu socorro. Silv\u00e9rio teme que Petra possa ser presa. Ruan aceita a proposta de Ant\u00f4nio de se responsabilizar pelo atropelamento de Andrade em troca de dinheiro. Ruan \u00e9 preso. Luigi e Anely planejam entrar no quarto de Nice para encontrar a chave do cofre do banco, onde est\u00e3o guardadas as barras de ouro de C\u00e2ndida. Aline decide ir ao casamento de Caio.<\/p>\n<p>(*) edi\u00e7\u00e3o das novelas da Globo, &#8220;Terra e Paix\u00e3o&#8221;, sujeito a altera\u00e7\u00e3o de data e conte\u00fado.<\/p>\n<p>Sinopse &#8220;Terra e Paix\u00e3o&#8221;: Aline vive ao lado do marido Samuel e do filho Jo\u00e3o. Ap\u00f3s um atentado em sua casa, v\u00ea-se sozinha com o menino diante das terras deixadas pelo marido. Aline aprende a plantar com a ajuda de Jonatas, um amigo fiel. Al\u00e9m de contar com ele, tem ao seu lado sua m\u00e3e. Aline se aproxima dos irm\u00e3os Caio e Daniel, filhos do poderoso fazendeiro Ant\u00f4nio, com quem precisa brigar para manter suas terras. Ao lado dos dois rapazes, descobre sentimentos novos. Ant\u00f4nio La Selva \u00e9 casado com Irene com quem tem dois filhos, Daniel e Petra. Ele foi muito apaixonado por Agatha, com quem teve Caio, e culpa o rapaz pela morte da m\u00e3e no pr\u00e9-parto.<\/p>\n","protected":false},"excerpt":{"rendered":"<p>Resumo da novela &#8220;Terra e Paix\u00e3o&#8221; em 07\/08: no cap\u00edtulo 079(*) da novela, Caio pergunta a Gra\u00e7a se ela est\u00e1 querendo engan\u00e1-lo. Gra\u00e7a finge um desmaio e Caio acredita. Ele garante que honrar\u00e1 o compromisso com ela. Ant\u00f4nio se sente tra\u00eddo por Caio. Caio pergunta a Ant\u00f4nio qual o interesse que ele teria nas terras [&hellip;]<\/p>\n","protected":false},"author":4,"featured_media":231928,"comment_status":"closed","ping_status":"closed","sticky":false,"template":"","format":"standard","meta":{"tdm_status":"","tdm_grid_status":"","footnotes":""},"categories":[379,375,2025,343,2305],"tags":[441],"class_list":{"0":"post-235669","1":"post","2":"type-post","3":"status-publish","4":"format-standard","5":"has-post-thumbnail","7":"category-novelas","8":"category-rede-globo","9":"category-resumo","10":"category-televisao","11":"category-terra-e-paixao","12":"tag-resumo-do-dia"},"_links":{"self":[{"href":"https:\/\/migracao.redenoticia.com.br\/noticia\/wp-json\/wp\/v2\/posts\/235669","targetHints":{"allow":["GET"]}}],"collection":[{"href":"https:\/\/migracao.redenoticia.com.br\/noticia\/wp-json\/wp\/v2\/posts"}],"about":[{"href":"https:\/\/migracao.redenoticia.com.br\/noticia\/wp-json\/wp\/v2\/types\/post"}],"author":[{"embeddable":true,"href":"https:\/\/migracao.redenoticia.com.br\/noticia\/wp-json\/wp\/v2\/users\/4"}],"replies":[{"embeddable":true,"href":"https:\/\/migracao.redenoticia.com.br\/noticia\/wp-json\/wp\/v2\/comments?post=235669"}],"version-history":[{"count":0,"href":"https:\/\/migracao.redenoticia.com.br\/noticia\/wp-json\/wp\/v2\/posts\/235669\/revisions"}],"wp:featuredmedia":[{"embeddable":true,"href":"https:\/\/migracao.redenoticia.com.br\/noticia\/wp-json\/wp\/v2\/media\/231928"}],"wp:attachment":[{"href":"https:\/\/migracao.redenoticia.com.br\/noticia\/wp-json\/wp\/v2\/media?parent=235669"}],"wp:term":[{"taxonomy":"category","embeddable":true,"href":"https:\/\/migracao.redenoticia.com.br\/noticia\/wp-json\/wp\/v2\/categories?post=235669"},{"taxonomy":"post_tag","embeddable":true,"href":"https:\/\/migracao.redenoticia.com.br\/noticia\/wp-json\/wp\/v2\/tags?post=235669"}],"curies":[{"name":"wp","href":"https:\/\/api.w.org\/{rel}","templated":true}]}}