{"id":235708,"date":"2023-08-07T15:17:15","date_gmt":"2023-08-07T18:17:15","guid":{"rendered":"https:\/\/www.redenoticia.com.br\/noticia\/?p=235708"},"modified":"2023-08-07T15:17:15","modified_gmt":"2023-08-07T18:17:15","slug":"resumo-a-infancia-de-romeu-e-julieta-08-08-julieta-pergunta-para-daniel-sobre-o-passado","status":"publish","type":"post","link":"https:\/\/migracao.redenoticia.com.br\/noticia\/2023\/resumo-a-infancia-de-romeu-e-julieta-08-08-julieta-pergunta-para-daniel-sobre-o-passado\/235708","title":{"rendered":"Resumo \u201cA Inf\u00e2ncia de Romeu e Julieta\u201d 08\/08: Julieta pergunta para Daniel sobre o passado"},"content":{"rendered":"<p> <img loading=\"lazy\" decoding=\"async\" src=\"https:\/\/migracao.redenoticia.com.br\/noticia\/imagens\/novela-romeu-e-julieta-sbt-elenco-resumo.jpg\" alt=\"\" width=\"1280\" height=\"720\" class=\"aligncenter size-full wp-image-232242\" srcset=\"https:\/\/migracao.redenoticia.com.br\/noticia\/imagens\/novela-romeu-e-julieta-sbt-elenco-resumo.jpg 1280w, https:\/\/migracao.redenoticia.com.br\/noticia\/imagens\/novela-romeu-e-julieta-sbt-elenco-resumo-250x140.jpg 250w, https:\/\/migracao.redenoticia.com.br\/noticia\/imagens\/novela-romeu-e-julieta-sbt-elenco-resumo-400x225.jpg 400w, https:\/\/migracao.redenoticia.com.br\/noticia\/imagens\/novela-romeu-e-julieta-sbt-elenco-resumo-768x432.jpg 768w, https:\/\/migracao.redenoticia.com.br\/noticia\/imagens\/novela-romeu-e-julieta-sbt-elenco-resumo-150x84.jpg 150w\" sizes=\"auto, (max-width: 1280px) 100vw, 1280px\" \/><\/p>\n<p><strong><em>Resumo da novela \u201cA Inf\u00e2ncia de Romeu e Julieta\u201d<\/em><\/strong> em 08\/08: no cap\u00edtulo 067(*) da novela, Ellen, Ian e Nath desconfiam que Dimitri tenha um plano para se infiltrar no grupo e alegam que precisam pensar sobre a proposta. Glaucia suspeita que o marido Fred esteja traindo-a. Ap\u00f3s sentir saudade de Romeu, Alex se acerta com o amigo; Romeu diz que vai atr\u00e1s de toda verdade e mist\u00e9rio entre as fam\u00edlias Campos e Monteiro. T\u00e9o pede desculpa para Julieta; Julieta tamb\u00e9m revela que vai fazer de tudo para as fam\u00edlias se acertarem. <\/p>\n<p>Julieta pergunta para Daniel sobre o passado; o pai explica que na \u00e9poca, quando Mariana aceitou ser bab\u00e1 do Romeu, s\u00f3 existia a desaven\u00e7a entre H\u00e9lio e Leandro, e que ela aceitou o emprego por conta das d\u00edvidas. Romeu questiona Bernardo se realmente houve um sequestro, mas Bernardo conta que Mariana mentiu desde o in\u00edcio que era da fam\u00edlia Campos. T\u00e9o pede desculpa para L\u00edvia, ela aceita, mas declara que o namorado tem mania de controlar tudo e n\u00e3o vai mais tolerar essas atitudes; com cabe\u00e7a quente, eles resolvem conversar depois. <\/p>\n<p>Fred conta a Romeu que Mariana roubou uma joia de Vera que pertencia a Fl\u00e1via no passado. Karen v\u00ea L\u00edvia triste e provoca dizendo que T\u00e9o \u00e9 chato; L\u00edvia rebate a irm\u00e3 e fala que ela nunca vai ter um namorado, mas Karen aponta que L\u00edvia est\u00e1 enganada. A gangue Pedalzera cerca Cr\u00e2nio e pede a bike dele de volta, j\u00e1 que ele n\u00e3o faz mais parte do grupo.<\/p>\n<p>(*) edi\u00e7\u00e3o das novelas do SBT, \u201cA Inf\u00e2ncia de Romeu e Julieta\u201d, sujeito a altera\u00e7\u00e3o de data e conte\u00fado.<\/p>\n<p>Sinopse \u201cA Inf\u00e2ncia de Romeu e Julieta\u201d: A Trama se passa no bairro chamado castanheiras, em que duas fam\u00edlias com propostas diferentes para esse bairro vivem em disc\u00f3rdia, sendo divididas entre os lados Torre (Campos) e Vila (Monteiro).[6] Entretanto, Romeu (Miguel \u00c2ngelo) e Julieta (Vitt\u00f3ria Seixas) se conhecem, da\u00ed em diante, as fam\u00edlias rivais t\u00eam uma nova oportunidade de trazer paz e uni\u00e3o entre o conv\u00edvio deles. <\/p>\n<p>Romeu e Julieta n\u00e3o sabem como v\u00e3o fazer para ficarem juntos. A not\u00edcia do romance chega \u00e0s fam\u00edlias, que n\u00e3o gostam nada da hist\u00f3ria e tratam de afasta-los imediatamente, aprontando v\u00e1rias situa\u00e7\u00f5es. Romeu e Julieta querem acabar com essa hostilidade e tentam ir atr\u00e1s de uma solu\u00e7\u00e3o, mas ao descobrirem mais sobre a hist\u00f3ria de seus pais, percebem que pode ser imposs\u00edvel.<\/p>\n","protected":false},"excerpt":{"rendered":"<p>Resumo da novela \u201cA Inf\u00e2ncia de Romeu e Julieta\u201d em 08\/08: no cap\u00edtulo 067(*) da novela, Ellen, Ian e Nath desconfiam que Dimitri tenha um plano para se infiltrar no grupo e alegam que precisam pensar sobre a proposta. Glaucia suspeita que o marido Fred esteja traindo-a. Ap\u00f3s sentir saudade de Romeu, Alex se acerta [&hellip;]<\/p>\n","protected":false},"author":3,"featured_media":232241,"comment_status":"closed","ping_status":"closed","sticky":false,"template":"","format":"standard","meta":{"tdm_status":"","tdm_grid_status":"","footnotes":""},"categories":[2306,379,2025,372,343],"tags":[441],"class_list":{"0":"post-235708","1":"post","2":"type-post","3":"status-publish","4":"format-standard","5":"has-post-thumbnail","7":"category-novela-romeu-e-julieta","8":"category-novelas","9":"category-resumo","10":"category-sbt","11":"category-televisao","12":"tag-resumo-do-dia"},"_links":{"self":[{"href":"https:\/\/migracao.redenoticia.com.br\/noticia\/wp-json\/wp\/v2\/posts\/235708","targetHints":{"allow":["GET"]}}],"collection":[{"href":"https:\/\/migracao.redenoticia.com.br\/noticia\/wp-json\/wp\/v2\/posts"}],"about":[{"href":"https:\/\/migracao.redenoticia.com.br\/noticia\/wp-json\/wp\/v2\/types\/post"}],"author":[{"embeddable":true,"href":"https:\/\/migracao.redenoticia.com.br\/noticia\/wp-json\/wp\/v2\/users\/3"}],"replies":[{"embeddable":true,"href":"https:\/\/migracao.redenoticia.com.br\/noticia\/wp-json\/wp\/v2\/comments?post=235708"}],"version-history":[{"count":0,"href":"https:\/\/migracao.redenoticia.com.br\/noticia\/wp-json\/wp\/v2\/posts\/235708\/revisions"}],"wp:featuredmedia":[{"embeddable":true,"href":"https:\/\/migracao.redenoticia.com.br\/noticia\/wp-json\/wp\/v2\/media\/232241"}],"wp:attachment":[{"href":"https:\/\/migracao.redenoticia.com.br\/noticia\/wp-json\/wp\/v2\/media?parent=235708"}],"wp:term":[{"taxonomy":"category","embeddable":true,"href":"https:\/\/migracao.redenoticia.com.br\/noticia\/wp-json\/wp\/v2\/categories?post=235708"},{"taxonomy":"post_tag","embeddable":true,"href":"https:\/\/migracao.redenoticia.com.br\/noticia\/wp-json\/wp\/v2\/tags?post=235708"}],"curies":[{"name":"wp","href":"https:\/\/api.w.org\/{rel}","templated":true}]}}