{"id":235709,"date":"2023-08-07T15:16:30","date_gmt":"2023-08-07T18:16:30","guid":{"rendered":"https:\/\/www.redenoticia.com.br\/noticia\/?p=235709"},"modified":"2023-08-07T20:13:19","modified_gmt":"2023-08-07T23:13:19","slug":"resumo-um-refugio-para-o-amor-08-08-roselena-investiga-luciana","status":"publish","type":"post","link":"https:\/\/migracao.redenoticia.com.br\/noticia\/2023\/resumo-um-refugio-para-o-amor-08-08-roselena-investiga-luciana\/235709","title":{"rendered":"Resumo \u201cUm Ref\u00fagio para o Amor\u201d 08\/08: Roselena investiga Luciana"},"content":{"rendered":"<p> <img loading=\"lazy\" decoding=\"async\" src=\"https:\/\/migracao.redenoticia.com.br\/noticia\/imagens\/um-refugio-para-o-amor-novela-resumo-sbt.jpg.jpg\" alt=\"\" width=\"1280\" height=\"720\" class=\"aligncenter size-full wp-image-233922\" srcset=\"https:\/\/migracao.redenoticia.com.br\/noticia\/imagens\/um-refugio-para-o-amor-novela-resumo-sbt.jpg.jpg 1280w, https:\/\/migracao.redenoticia.com.br\/noticia\/imagens\/um-refugio-para-o-amor-novela-resumo-sbt.jpg-250x140.jpg 250w, https:\/\/migracao.redenoticia.com.br\/noticia\/imagens\/um-refugio-para-o-amor-novela-resumo-sbt.jpg-400x225.jpg 400w, https:\/\/migracao.redenoticia.com.br\/noticia\/imagens\/um-refugio-para-o-amor-novela-resumo-sbt.jpg-768x432.jpg 768w, https:\/\/migracao.redenoticia.com.br\/noticia\/imagens\/um-refugio-para-o-amor-novela-resumo-sbt.jpg-150x84.jpg 150w\" sizes=\"auto, (max-width: 1280px) 100vw, 1280px\" \/> <\/p>\n<p><strong><em>Resumo da novela \u201cUm Ref\u00fagio para o Amor\u201d<\/em><\/strong> em 08\/08: no cap\u00edtulo 032(*) da novela, Aquiles \u00e9 informado do casamento de Rodrigo e Luciana. Rodrigo envia e-mails e mensagens \u00e0 fam\u00edlia a contar que se casou com Luciana. Clara tamb\u00e9m descobre que Rodrigo se casou. Roselena decide ir falar com Estela. Vicky chega tarde ao encontro com Maximino e ele, furioso, vai-se embora. Louren\u00e7o quer falar com o dono do Inferno, mas ningu\u00e9m parece conhec\u00ea-lo. Roselena vai ter com Maximino \u00e0 empresa, mas ele n\u00e3o est\u00e1 porque foi ter com Vicky. Ao chegar a casa, Roselena acusa-o de ter estado com outra mulher. No hotel, Rodrigo pede dois quartos, um para ele e outro para Luciana.<\/p>\n<p>Rodrigo vai ter com Luciana ao quarto e beijam-se apaixonadamente. Roselena exige a Maximino que fa\u00e7a tudo para impedir a realiza\u00e7\u00e3o do casamento de Rodrigo. Patr\u00edcio pergunta a Maximino o porqu\u00ea de todo o \u00f3dio que a m\u00e3e sente por Aurora, se sempre foram amigas. Rodrigo e Luciana confessam que n\u00e3o tem sido f\u00e1cil cumprir a promessa feita a Paz. Br\u00edgida diz a Julieta que ouviu Jana e Matilde comentarem sobre uma aparente liga\u00e7\u00e3o entre Luciana e Cl\u00e1udio Linares. Lastra mostra fotografias de Luciana a Clara e Julieta e pede-lhe dinheiro por elas.<\/p>\n<p>Rodrigo e Luciana vivem momentos muito felizes. Roselena pergunta a Estela quem \u00e9 Luciana na realidade. Julieta e Clara pensam num plano para destruir Luciana. Melissa conta a Cl\u00e1udio que Rodrigo e Luciana se casaram e ele fica furioso, sem que ela perceba porqu\u00ea. Aldo convence Patr\u00edcio a irem festejar pelo casamento de Rodrigo e Luciana e convidam Louren\u00e7o. Patr\u00edcio relembra a primeira vez que viu Luciana.<\/p>\n<p>Maximino telefona a Patr\u00edcio e ele diz-lhe que Aldo o levou a um bar. Jana diz a Melissa que acha que n\u00e3o sente nada por Boris. Maximino encontra-se com Vicky e ela come\u00e7a a dizer-lhe que quer sair mais com ele e que gostava de ser \u201ca oficial\u201d. <\/p>\n<p>(*) edi\u00e7\u00e3o das novelas do SBT, \u201cUm Ref\u00fagio para o Amor\u201d, sujeito a altera\u00e7\u00e3o de data e conte\u00fado.<\/p>\n<p>Sinopse \u201cUm Ref\u00fagio para o Amor\u201d: Uma hist\u00f3ria de amor entre uma jovem linda, humilde, simples e trabalhadora que gera admira\u00e7\u00e3o entre os homens e inveja entre as mulheres, e que \u00e9 obrigada a fugir de sua cidade, para a capital, encontrando o amor em um homem rico, bonito, de classe, arrogante, amante de esportes radicais e com fama de conquistador, mas que \u00e9 generoso e atencioso. Eles ter\u00e3o que passar por muitas dificuldades para ficarem juntos.<\/p>\n<p>Estrelado por Zuria Vega e Gabriel Soto com um elenco de primeira classe, incluindo Jessica Coch, Roberto Bland\u00f3n, Laura Flores, Jos\u00e9 Carlos Ruiz, entre outros. Um ref\u00fagio para o amor \u00e9 uma novela mexicana produzida por Ignacio Sada Madero, originalmente por Delia Fiallo e adaptada por Georgina Tinoco.<\/p>\n","protected":false},"excerpt":{"rendered":"<p>Resumo da novela \u201cUm Ref\u00fagio para o Amor\u201d em 08\/08: no cap\u00edtulo 032(*) da novela, Aquiles \u00e9 informado do casamento de Rodrigo e Luciana. Rodrigo envia e-mails e mensagens \u00e0 fam\u00edlia a contar que se casou com Luciana. Clara tamb\u00e9m descobre que Rodrigo se casou. Roselena decide ir falar com Estela. Vicky chega tarde ao [&hellip;]<\/p>\n","protected":false},"author":2,"featured_media":233921,"comment_status":"closed","ping_status":"closed","sticky":false,"template":"","format":"standard","meta":{"tdm_status":"","tdm_grid_status":"","footnotes":""},"categories":[379,2025,372,343,2310],"tags":[441],"class_list":{"0":"post-235709","1":"post","2":"type-post","3":"status-publish","4":"format-standard","5":"has-post-thumbnail","7":"category-novelas","8":"category-resumo","9":"category-sbt","10":"category-televisao","11":"category-um-refugio-para-o-amor","12":"tag-resumo-do-dia"},"_links":{"self":[{"href":"https:\/\/migracao.redenoticia.com.br\/noticia\/wp-json\/wp\/v2\/posts\/235709","targetHints":{"allow":["GET"]}}],"collection":[{"href":"https:\/\/migracao.redenoticia.com.br\/noticia\/wp-json\/wp\/v2\/posts"}],"about":[{"href":"https:\/\/migracao.redenoticia.com.br\/noticia\/wp-json\/wp\/v2\/types\/post"}],"author":[{"embeddable":true,"href":"https:\/\/migracao.redenoticia.com.br\/noticia\/wp-json\/wp\/v2\/users\/2"}],"replies":[{"embeddable":true,"href":"https:\/\/migracao.redenoticia.com.br\/noticia\/wp-json\/wp\/v2\/comments?post=235709"}],"version-history":[{"count":0,"href":"https:\/\/migracao.redenoticia.com.br\/noticia\/wp-json\/wp\/v2\/posts\/235709\/revisions"}],"wp:featuredmedia":[{"embeddable":true,"href":"https:\/\/migracao.redenoticia.com.br\/noticia\/wp-json\/wp\/v2\/media\/233921"}],"wp:attachment":[{"href":"https:\/\/migracao.redenoticia.com.br\/noticia\/wp-json\/wp\/v2\/media?parent=235709"}],"wp:term":[{"taxonomy":"category","embeddable":true,"href":"https:\/\/migracao.redenoticia.com.br\/noticia\/wp-json\/wp\/v2\/categories?post=235709"},{"taxonomy":"post_tag","embeddable":true,"href":"https:\/\/migracao.redenoticia.com.br\/noticia\/wp-json\/wp\/v2\/tags?post=235709"}],"curies":[{"name":"wp","href":"https:\/\/api.w.org\/{rel}","templated":true}]}}