{"id":235717,"date":"2023-08-07T15:22:02","date_gmt":"2023-08-07T18:22:02","guid":{"rendered":"https:\/\/www.redenoticia.com.br\/noticia\/?p=235717"},"modified":"2023-08-07T15:22:02","modified_gmt":"2023-08-07T18:22:02","slug":"resumo-mulheres-de-areia-08-08-marcos-e-raquel-comecam-a-se-desentender","status":"publish","type":"post","link":"https:\/\/migracao.redenoticia.com.br\/noticia\/2023\/resumo-mulheres-de-areia-08-08-marcos-e-raquel-comecam-a-se-desentender\/235717","title":{"rendered":"Resumo &#8220;Mulheres de Areia&#8221; 08\/08: Marcos e Raquel come\u00e7am a se desentender"},"content":{"rendered":"<p> <img loading=\"lazy\" decoding=\"async\" src=\"https:\/\/migracao.redenoticia.com.br\/noticia\/imagens\/mulheres-de-areia-resumo-novela-globo.jpg\" alt=\"\" width=\"1280\" height=\"720\" class=\"aligncenter size-full wp-image-233994\" srcset=\"https:\/\/migracao.redenoticia.com.br\/noticia\/imagens\/mulheres-de-areia-resumo-novela-globo.jpg 1280w, https:\/\/migracao.redenoticia.com.br\/noticia\/imagens\/mulheres-de-areia-resumo-novela-globo-250x140.jpg 250w, https:\/\/migracao.redenoticia.com.br\/noticia\/imagens\/mulheres-de-areia-resumo-novela-globo-400x225.jpg 400w, https:\/\/migracao.redenoticia.com.br\/noticia\/imagens\/mulheres-de-areia-resumo-novela-globo-768x432.jpg 768w, https:\/\/migracao.redenoticia.com.br\/noticia\/imagens\/mulheres-de-areia-resumo-novela-globo-150x84.jpg 150w\" sizes=\"auto, (max-width: 1280px) 100vw, 1280px\" \/><\/p>\n<p><em><strong>Resumo da novela &#8220;Mulheres de Areia&#8221;<\/strong><\/em> em 08\/08: no cap\u00edtulo 032(*) da novela, os amigos de Malu amarram Duarte em uma \u00e1rvore para que ele n\u00e3o conte nada a Virg\u00edlio sobre os mendigos. Malu os apresenta aos amigos do pai, que v\u00e3o embora sem entender nada. Malu finge dormir quando Virg\u00edlio a procura. Breno conta a Vera que vai cercar a praia e ela acha que o marido est\u00e1 exagerando. Marcos e Raquel j\u00e1 come\u00e7am a se desentender na lua-de-mel. Ele reclama que a mulher est\u00e1 bebendo muito. No fim da noite, Raquel faz uma declara\u00e7\u00e3o de amor a Marcos: \u201cVoc\u00ea \u00e9 muito chato, mas eu te amo, Vanderlei\u201d.<\/p>\n<h4 style=\"text-align: center;\">Resumo &#8220;Mulheres de Areia&#8221; 033, quarta-feira, 09 de agosto<\/h4>\n<p>Marcos n\u00e3o reage e Raquel, completamente b\u00eabada, acaba dormindo no seu colo. No dia seguinte, Raquel diz a Marcos que Vanderlei \u00e9 o namorado de Ruth e ele acredita. Ela lhe d\u00e1 uns beijinhos e tudo fica resolvido. Ao saber do cord\u00e3o de isolamento na praia, Virg\u00edlio for\u00e7a um passeio com Breno para que ele seja bastante vaiado. Da Lua ouve Vanderlei chantagear Donato por causa da morte do seu pai. O rapaz passa a ter certeza de que o padrasto \u00e9 culpado. Virg\u00edlio arma um plano com Andr\u00e9a para separar Marcos e Raquel.<\/p>\n<p>(*) edi\u00e7\u00e3o das novelas da Globo, &#8220;Mulheres de Areia&#8221;, sujeito a altera\u00e7\u00e3o de data e conte\u00fado.<\/p>\n<p>Sinopse &#8220;Mulheres de Areia&#8221;: Ap\u00f3s anos Ruth volta a morar com os pais, o casal de pescadores Isaura e Floriano, e com sua irm\u00e3 g\u00eamea, Raquel. Ruth e Raquel, apesar de fisicamente id\u00eanticas, t\u00eam personalidades totalmente opostas. Ruth \u00e9 doce, calma, humilde e possui um bom cora\u00e7\u00e3o; enquanto Raquel \u00e9 ego\u00edsta, ambiciosa, agressiva e m\u00e1. Raquel finge ser Ruth para conquistar o jovem empres\u00e1rio Marcos Assun\u00e7\u00e3o, que a irm\u00e3 conheceu a caminho de Pontal. Mesmo apaixonado por Ruth, Marcos acaba envolvido pelo charme e sensualidade de Raquel, e acaba casando-se com ela. A uni\u00e3o n\u00e3o impede que Raquel continue a se encontrar \u00e0s escondidas com o malandro e mau-car\u00e1ter Wanderley, seu amante e c\u00famplice. Em Pontal D&#8217;Areia vive ainda Tonho da Lua, que esculpe mulheres de areia na praia, e alimenta um amor plat\u00f4nico por Ruth, sua protetora. Raquel, por sua vez, o persegue e inferniza sua vida, destruindo suas esculturas e o ofendendo sempre que pode.<\/p>\n","protected":false},"excerpt":{"rendered":"<p>Resumo da novela &#8220;Mulheres de Areia&#8221; em 08\/08: no cap\u00edtulo 032(*) da novela, os amigos de Malu amarram Duarte em uma \u00e1rvore para que ele n\u00e3o conte nada a Virg\u00edlio sobre os mendigos. Malu os apresenta aos amigos do pai, que v\u00e3o embora sem entender nada. Malu finge dormir quando Virg\u00edlio a procura. Breno conta [&hellip;]<\/p>\n","protected":false},"author":3,"featured_media":233993,"comment_status":"closed","ping_status":"closed","sticky":false,"template":"","format":"standard","meta":{"tdm_status":"","tdm_grid_status":"","footnotes":""},"categories":[2309,379,375,2025,343],"tags":[441],"class_list":{"0":"post-235717","1":"post","2":"type-post","3":"status-publish","4":"format-standard","5":"has-post-thumbnail","7":"category-mulheres-de-areia","8":"category-novelas","9":"category-rede-globo","10":"category-resumo","11":"category-televisao","12":"tag-resumo-do-dia"},"_links":{"self":[{"href":"https:\/\/migracao.redenoticia.com.br\/noticia\/wp-json\/wp\/v2\/posts\/235717","targetHints":{"allow":["GET"]}}],"collection":[{"href":"https:\/\/migracao.redenoticia.com.br\/noticia\/wp-json\/wp\/v2\/posts"}],"about":[{"href":"https:\/\/migracao.redenoticia.com.br\/noticia\/wp-json\/wp\/v2\/types\/post"}],"author":[{"embeddable":true,"href":"https:\/\/migracao.redenoticia.com.br\/noticia\/wp-json\/wp\/v2\/users\/3"}],"replies":[{"embeddable":true,"href":"https:\/\/migracao.redenoticia.com.br\/noticia\/wp-json\/wp\/v2\/comments?post=235717"}],"version-history":[{"count":0,"href":"https:\/\/migracao.redenoticia.com.br\/noticia\/wp-json\/wp\/v2\/posts\/235717\/revisions"}],"wp:featuredmedia":[{"embeddable":true,"href":"https:\/\/migracao.redenoticia.com.br\/noticia\/wp-json\/wp\/v2\/media\/233993"}],"wp:attachment":[{"href":"https:\/\/migracao.redenoticia.com.br\/noticia\/wp-json\/wp\/v2\/media?parent=235717"}],"wp:term":[{"taxonomy":"category","embeddable":true,"href":"https:\/\/migracao.redenoticia.com.br\/noticia\/wp-json\/wp\/v2\/categories?post=235717"},{"taxonomy":"post_tag","embeddable":true,"href":"https:\/\/migracao.redenoticia.com.br\/noticia\/wp-json\/wp\/v2\/tags?post=235717"}],"curies":[{"name":"wp","href":"https:\/\/api.w.org\/{rel}","templated":true}]}}