{"id":235758,"date":"2023-08-08T16:56:43","date_gmt":"2023-08-08T19:56:43","guid":{"rendered":"https:\/\/www.redenoticia.com.br\/noticia\/?p=235758"},"modified":"2023-08-08T16:56:43","modified_gmt":"2023-08-08T19:56:43","slug":"resumo-a-infancia-de-romeu-e-julieta-09-08-dimitri-aceita-falar-com-clara","status":"publish","type":"post","link":"https:\/\/migracao.redenoticia.com.br\/noticia\/2023\/resumo-a-infancia-de-romeu-e-julieta-09-08-dimitri-aceita-falar-com-clara\/235758","title":{"rendered":"Resumo \u201cA Inf\u00e2ncia de Romeu e Julieta\u201d 09\/08: Dimitri aceita falar com Clara"},"content":{"rendered":"<p> <img loading=\"lazy\" decoding=\"async\" src=\"https:\/\/migracao.redenoticia.com.br\/noticia\/imagens\/novela-romeu-e-julieta-sbt-elenco-resumo.jpg\" alt=\"\" width=\"1280\" height=\"720\" class=\"aligncenter size-full wp-image-232242\" srcset=\"https:\/\/migracao.redenoticia.com.br\/noticia\/imagens\/novela-romeu-e-julieta-sbt-elenco-resumo.jpg 1280w, https:\/\/migracao.redenoticia.com.br\/noticia\/imagens\/novela-romeu-e-julieta-sbt-elenco-resumo-250x140.jpg 250w, https:\/\/migracao.redenoticia.com.br\/noticia\/imagens\/novela-romeu-e-julieta-sbt-elenco-resumo-400x225.jpg 400w, https:\/\/migracao.redenoticia.com.br\/noticia\/imagens\/novela-romeu-e-julieta-sbt-elenco-resumo-768x432.jpg 768w, https:\/\/migracao.redenoticia.com.br\/noticia\/imagens\/novela-romeu-e-julieta-sbt-elenco-resumo-150x84.jpg 150w\" sizes=\"auto, (max-width: 1280px) 100vw, 1280px\" \/><\/p>\n<p><strong><em>Resumo da novela \u201cA Inf\u00e2ncia de Romeu e Julieta\u201d<\/em><\/strong> em 09\/08: no cap\u00edtulo 068(*) da novela, Ellen, Ian e Nath aparecem e defendem Dimitri da gangue Pedalzera. Mais tarde, Ellen, Ian e Nath resolvem aceitar Dimitri no grupo. Nando tenta se aproximar de Rosalina. Telma convida Mauro para a estreia no restaurante do Armaz\u00e9m. Vera fala para Romeu que Mariana era uma boa bab\u00e1, mas que fugiu com ele em um carro roubado, sem deixar nenhum recado. <\/p>\n<p>Julieta pergunta para a m\u00e3e como foi a vida dela na pris\u00e3o; Mariana explica que era para Vitor cuidar dela quando beb\u00ea e que sentiu muita raiva de Vitor e Vera na pris\u00e3o. Vera mostra a Romeu as imagens de Mariana supostamente furtando a joia na \u00e9poca. Trapa\u00e7a volta a comandar o Pedalzera. Disfar\u00e7ada, Glaucia segue Fred at\u00e9 um bar karaok\u00ea. Por fim, Julieta pergunta sobre a rivalidade do passado para H\u00e9lio e Romeu faz o mesmo com Leandro. Fred percebe que Glaucia est\u00e1 no karaok\u00ea. Nando se apaixona por Rosalina. <\/p>\n<p>Ellen, Ian e Nath acham marca\u00e7\u00f5es no mapa de Castanheiras e decidem acionar Clara; Dimitri aceita falar com Clara, mas pede para o trio n\u00e3o revelar que ele \u00e9 um Monteiro. Clara diz que n\u00e3o lembra sobre os espirais desenhados no mapa, mas que a \u00e1rvore da pra\u00e7a era importante para acessar o Mundo da Imagina\u00e7\u00e3o. Enzo pede registros antigos de Castanheiras para H\u00e9lio. Ainda no karaok\u00ea, Glaucia faz o maior esc\u00e2ndalo com Fred por engan\u00e1-la.<\/p>\n<p>(*) edi\u00e7\u00e3o das novelas do SBT, \u201cA Inf\u00e2ncia de Romeu e Julieta\u201d, sujeito a altera\u00e7\u00e3o de data e conte\u00fado.<\/p>\n<p>Sinopse \u201cA Inf\u00e2ncia de Romeu e Julieta\u201d: A Trama se passa no bairro chamado castanheiras, em que duas fam\u00edlias com propostas diferentes para esse bairro vivem em disc\u00f3rdia, sendo divididas entre os lados Torre (Campos) e Vila (Monteiro).[6] Entretanto, Romeu (Miguel \u00c2ngelo) e Julieta (Vitt\u00f3ria Seixas) se conhecem, da\u00ed em diante, as fam\u00edlias rivais t\u00eam uma nova oportunidade de trazer paz e uni\u00e3o entre o conv\u00edvio deles. <\/p>\n<p>Romeu e Julieta n\u00e3o sabem como v\u00e3o fazer para ficarem juntos. A not\u00edcia do romance chega \u00e0s fam\u00edlias, que n\u00e3o gostam nada da hist\u00f3ria e tratam de afasta-los imediatamente, aprontando v\u00e1rias situa\u00e7\u00f5es. Romeu e Julieta querem acabar com essa hostilidade e tentam ir atr\u00e1s de uma solu\u00e7\u00e3o, mas ao descobrirem mais sobre a hist\u00f3ria de seus pais, percebem que pode ser imposs\u00edvel.<\/p>\n","protected":false},"excerpt":{"rendered":"<p>Resumo da novela \u201cA Inf\u00e2ncia de Romeu e Julieta\u201d em 09\/08: no cap\u00edtulo 068(*) da novela, Ellen, Ian e Nath aparecem e defendem Dimitri da gangue Pedalzera. Mais tarde, Ellen, Ian e Nath resolvem aceitar Dimitri no grupo. Nando tenta se aproximar de Rosalina. Telma convida Mauro para a estreia no restaurante do Armaz\u00e9m. Vera [&hellip;]<\/p>\n","protected":false},"author":2,"featured_media":232241,"comment_status":"closed","ping_status":"closed","sticky":false,"template":"","format":"standard","meta":{"tdm_status":"","tdm_grid_status":"","footnotes":""},"categories":[2306,379,2025,372,343],"tags":[441],"class_list":{"0":"post-235758","1":"post","2":"type-post","3":"status-publish","4":"format-standard","5":"has-post-thumbnail","7":"category-novela-romeu-e-julieta","8":"category-novelas","9":"category-resumo","10":"category-sbt","11":"category-televisao","12":"tag-resumo-do-dia"},"_links":{"self":[{"href":"https:\/\/migracao.redenoticia.com.br\/noticia\/wp-json\/wp\/v2\/posts\/235758","targetHints":{"allow":["GET"]}}],"collection":[{"href":"https:\/\/migracao.redenoticia.com.br\/noticia\/wp-json\/wp\/v2\/posts"}],"about":[{"href":"https:\/\/migracao.redenoticia.com.br\/noticia\/wp-json\/wp\/v2\/types\/post"}],"author":[{"embeddable":true,"href":"https:\/\/migracao.redenoticia.com.br\/noticia\/wp-json\/wp\/v2\/users\/2"}],"replies":[{"embeddable":true,"href":"https:\/\/migracao.redenoticia.com.br\/noticia\/wp-json\/wp\/v2\/comments?post=235758"}],"version-history":[{"count":0,"href":"https:\/\/migracao.redenoticia.com.br\/noticia\/wp-json\/wp\/v2\/posts\/235758\/revisions"}],"wp:featuredmedia":[{"embeddable":true,"href":"https:\/\/migracao.redenoticia.com.br\/noticia\/wp-json\/wp\/v2\/media\/232241"}],"wp:attachment":[{"href":"https:\/\/migracao.redenoticia.com.br\/noticia\/wp-json\/wp\/v2\/media?parent=235758"}],"wp:term":[{"taxonomy":"category","embeddable":true,"href":"https:\/\/migracao.redenoticia.com.br\/noticia\/wp-json\/wp\/v2\/categories?post=235758"},{"taxonomy":"post_tag","embeddable":true,"href":"https:\/\/migracao.redenoticia.com.br\/noticia\/wp-json\/wp\/v2\/tags?post=235758"}],"curies":[{"name":"wp","href":"https:\/\/api.w.org\/{rel}","templated":true}]}}