{"id":235800,"date":"2023-08-09T15:52:16","date_gmt":"2023-08-09T18:52:16","guid":{"rendered":"https:\/\/www.redenoticia.com.br\/noticia\/?p=235800"},"modified":"2023-08-09T15:52:16","modified_gmt":"2023-08-09T18:52:16","slug":"resumo-a-infancia-de-romeu-e-julieta-10-08-mauro-elogia-o-restaurante-de-mariana","status":"publish","type":"post","link":"https:\/\/migracao.redenoticia.com.br\/noticia\/2023\/resumo-a-infancia-de-romeu-e-julieta-10-08-mauro-elogia-o-restaurante-de-mariana\/235800","title":{"rendered":"Resumo \u201cA Inf\u00e2ncia de Romeu e Julieta\u201d 10\/08: Mauro elogia o restaurante de Mariana"},"content":{"rendered":"<p> <img loading=\"lazy\" decoding=\"async\" src=\"https:\/\/migracao.redenoticia.com.br\/noticia\/imagens\/novela-romeu-e-julieta-sbt-elenco-resumo.jpg\" alt=\"\" width=\"1280\" height=\"720\" class=\"aligncenter size-full wp-image-232242\" srcset=\"https:\/\/migracao.redenoticia.com.br\/noticia\/imagens\/novela-romeu-e-julieta-sbt-elenco-resumo.jpg 1280w, https:\/\/migracao.redenoticia.com.br\/noticia\/imagens\/novela-romeu-e-julieta-sbt-elenco-resumo-250x140.jpg 250w, https:\/\/migracao.redenoticia.com.br\/noticia\/imagens\/novela-romeu-e-julieta-sbt-elenco-resumo-400x225.jpg 400w, https:\/\/migracao.redenoticia.com.br\/noticia\/imagens\/novela-romeu-e-julieta-sbt-elenco-resumo-768x432.jpg 768w, https:\/\/migracao.redenoticia.com.br\/noticia\/imagens\/novela-romeu-e-julieta-sbt-elenco-resumo-150x84.jpg 150w\" sizes=\"auto, (max-width: 1280px) 100vw, 1280px\" \/><\/p>\n<p><strong><em>Resumo da novela \u201cA Inf\u00e2ncia de Romeu e Julieta\u201d<\/em><\/strong> em 10\/08: no cap\u00edtulo 069(*) da novela, Glaucia se impressiona com o talento de Fred no karaok\u00ea. Nando compra uma s\u00e9rie de anime online para assistir com Rosalina. Glaucia sobe no palco do karaok\u00ea, canta e anima o p\u00fablico. Alex esbarra com L\u00edvia e se encanta com o visual da rival. H\u00e9lio resolve emprestar os arquivos de Castanheiras para Enzo. Nando e Rosalina assistem o anime juntos e ela adora. <\/p>\n<p>Vera diz para Vitor que deseja saber todas as estrat\u00e9gias do restaurante de Daniel; Vitor promete entregar um relat\u00f3rio completo. Fred comenta com Leandro que Enzo conseguiu os documentos antigos do bairro com H\u00e9lio e cutuca, afirmando que uma pessoa de confian\u00e7a n\u00e3o deveria pedir nada a um Campos. Chega o dia da estreia do restaurante, Enzo resolve ajudar os amigos na inaugura\u00e7\u00e3o. Em conversa com Bernardo, Vera chama o marido de mau exemplo por aceitar os documentos doados pela fam\u00edlia Campos para, futuramente, expor no Instituto Casa de Castanheiras. <\/p>\n<p>O tempo passa e os clientes come\u00e7am a chegar na inaugura\u00e7\u00e3o do restaurante. Mariana trabalha na cozinha ajudando Daniel. Mauro elogia o restaurante de Mariana e Telma fica com ci\u00fames. Na cozinha, Daniel e Mariana comemoram o sucesso e acabam se aproximando. Os encrenqueiros Vitor e Fausto marcam presen\u00e7a no evento. Bernardo passa pelo Armaz\u00e9m e decide entrar. Mariana se depara com Bernardo e afirma que o Armaz\u00e9m n\u00e3o \u00e9 um local para um Monteiro.<\/p>\n<p>(*) edi\u00e7\u00e3o das novelas do SBT, \u201cA Inf\u00e2ncia de Romeu e Julieta\u201d, sujeito a altera\u00e7\u00e3o de data e conte\u00fado.<\/p>\n<p>Sinopse \u201cA Inf\u00e2ncia de Romeu e Julieta\u201d: A Trama se passa no bairro chamado castanheiras, em que duas fam\u00edlias com propostas diferentes para esse bairro vivem em disc\u00f3rdia, sendo divididas entre os lados Torre (Campos) e Vila (Monteiro).[6] Entretanto, Romeu (Miguel \u00c2ngelo) e Julieta (Vitt\u00f3ria Seixas) se conhecem, da\u00ed em diante, as fam\u00edlias rivais t\u00eam uma nova oportunidade de trazer paz e uni\u00e3o entre o conv\u00edvio deles. <\/p>\n<p>Romeu e Julieta n\u00e3o sabem como v\u00e3o fazer para ficarem juntos. A not\u00edcia do romance chega \u00e0s fam\u00edlias, que n\u00e3o gostam nada da hist\u00f3ria e tratam de afasta-los imediatamente, aprontando v\u00e1rias situa\u00e7\u00f5es. Romeu e Julieta querem acabar com essa hostilidade e tentam ir atr\u00e1s de uma solu\u00e7\u00e3o, mas ao descobrirem mais sobre a hist\u00f3ria de seus pais, percebem que pode ser imposs\u00edvel.<\/p>\n","protected":false},"excerpt":{"rendered":"<p>Resumo da novela \u201cA Inf\u00e2ncia de Romeu e Julieta\u201d em 10\/08: no cap\u00edtulo 069(*) da novela, Glaucia se impressiona com o talento de Fred no karaok\u00ea. Nando compra uma s\u00e9rie de anime online para assistir com Rosalina. Glaucia sobe no palco do karaok\u00ea, canta e anima o p\u00fablico. Alex esbarra com L\u00edvia e se encanta [&hellip;]<\/p>\n","protected":false},"author":3,"featured_media":232241,"comment_status":"closed","ping_status":"closed","sticky":false,"template":"","format":"standard","meta":{"tdm_status":"","tdm_grid_status":"","footnotes":""},"categories":[2306,379,2025,372,343],"tags":[441],"class_list":{"0":"post-235800","1":"post","2":"type-post","3":"status-publish","4":"format-standard","5":"has-post-thumbnail","7":"category-novela-romeu-e-julieta","8":"category-novelas","9":"category-resumo","10":"category-sbt","11":"category-televisao","12":"tag-resumo-do-dia"},"_links":{"self":[{"href":"https:\/\/migracao.redenoticia.com.br\/noticia\/wp-json\/wp\/v2\/posts\/235800","targetHints":{"allow":["GET"]}}],"collection":[{"href":"https:\/\/migracao.redenoticia.com.br\/noticia\/wp-json\/wp\/v2\/posts"}],"about":[{"href":"https:\/\/migracao.redenoticia.com.br\/noticia\/wp-json\/wp\/v2\/types\/post"}],"author":[{"embeddable":true,"href":"https:\/\/migracao.redenoticia.com.br\/noticia\/wp-json\/wp\/v2\/users\/3"}],"replies":[{"embeddable":true,"href":"https:\/\/migracao.redenoticia.com.br\/noticia\/wp-json\/wp\/v2\/comments?post=235800"}],"version-history":[{"count":0,"href":"https:\/\/migracao.redenoticia.com.br\/noticia\/wp-json\/wp\/v2\/posts\/235800\/revisions"}],"wp:featuredmedia":[{"embeddable":true,"href":"https:\/\/migracao.redenoticia.com.br\/noticia\/wp-json\/wp\/v2\/media\/232241"}],"wp:attachment":[{"href":"https:\/\/migracao.redenoticia.com.br\/noticia\/wp-json\/wp\/v2\/media?parent=235800"}],"wp:term":[{"taxonomy":"category","embeddable":true,"href":"https:\/\/migracao.redenoticia.com.br\/noticia\/wp-json\/wp\/v2\/categories?post=235800"},{"taxonomy":"post_tag","embeddable":true,"href":"https:\/\/migracao.redenoticia.com.br\/noticia\/wp-json\/wp\/v2\/tags?post=235800"}],"curies":[{"name":"wp","href":"https:\/\/api.w.org\/{rel}","templated":true}]}}