{"id":235803,"date":"2023-08-09T15:41:05","date_gmt":"2023-08-09T18:41:05","guid":{"rendered":"https:\/\/www.redenoticia.com.br\/noticia\/?p=235803"},"modified":"2023-08-09T15:41:05","modified_gmt":"2023-08-09T18:41:05","slug":"resumo-meu-pecado-10-08-rosario-recobra-a-consciencia","status":"publish","type":"post","link":"https:\/\/migracao.redenoticia.com.br\/noticia\/2023\/resumo-meu-pecado-10-08-rosario-recobra-a-consciencia\/235803","title":{"rendered":"Resumo \u201cMeu Pecado\u201d 10\/08: Ros\u00e1rio recobra a consci\u00eancia"},"content":{"rendered":"<p> <img loading=\"lazy\" decoding=\"async\" class=\"aligncenter size-full wp-image-235437\" src=\"https:\/\/migracao.redenoticia.com.br\/noticia\/imagens\/novela-meu-pecado-resumo-capitulos-elenco-personagens-logo-redenoticia-sbt.jpg\" alt=\"\" width=\"1280\" height=\"720\" srcset=\"https:\/\/migracao.redenoticia.com.br\/noticia\/imagens\/novela-meu-pecado-resumo-capitulos-elenco-personagens-logo-redenoticia-sbt.jpg 1280w, https:\/\/migracao.redenoticia.com.br\/noticia\/imagens\/novela-meu-pecado-resumo-capitulos-elenco-personagens-logo-redenoticia-sbt-250x140.jpg 250w, https:\/\/migracao.redenoticia.com.br\/noticia\/imagens\/novela-meu-pecado-resumo-capitulos-elenco-personagens-logo-redenoticia-sbt-400x225.jpg 400w, https:\/\/migracao.redenoticia.com.br\/noticia\/imagens\/novela-meu-pecado-resumo-capitulos-elenco-personagens-logo-redenoticia-sbt-768x432.jpg 768w, https:\/\/migracao.redenoticia.com.br\/noticia\/imagens\/novela-meu-pecado-resumo-capitulos-elenco-personagens-logo-redenoticia-sbt-150x84.jpg 150w\" sizes=\"auto, (max-width: 1280px) 100vw, 1280px\" \/><\/p>\n<p><strong><em>Resumo da novela \u201cMeu Pecado\u201d<\/em><\/strong> em 10\/08: no cap\u00edtulo 009(*) da novela, Lucr\u00e9cia diz que est\u00e1 disposta a entreg\u00e1-las se permitir que Delfina e Manoel voltem para a fazenda. Ros\u00e1rio percebe que a filha est\u00e1 usando a corrente do irm\u00e3o e exige que a entregue. Lucr\u00e9cia se nega, as duas brigam pela corrente e Ros\u00e1rio cai da escada. Lucr\u00e9cia grita por socorro ao ver a m\u00e3e inconsciente. Paulino chama a ambul\u00e2ncia e Ros\u00e1rio \u00e9 levada para o hospital. <\/p>\n<p>Justina pede a Ramiro que lhe d\u00ea uma prova de seu amor. Ros\u00e1rio recobra a consci\u00eancia e recebe a not\u00edcia que perdeu o beb\u00ea. Ramiro marca encontro com Justina. Ao v\u00ea-la nervosa e olhando insistentemente para o rel\u00f3gio, Rodolfo desconfia. Lucr\u00e9cia leva uma rosa para a m\u00e3e, mas ao tentar entreg\u00e1-la \u00e9 expulsa aos gritos por Ros\u00e1rio que culpa a filha por ter perdido o beb\u00ea. A menina vai embora assustada e Ros\u00e1rio diz ao marido que quando voltar n\u00e3o quer v\u00ea-la na fazenda. <\/p>\n<p>Assustado com o comportamento de Ros\u00e1rio, Paulino decide mandar a filha para um col\u00e9gio interno e diz ao padre Matias que precisa afastar Lucr\u00e9cia da m\u00e3e por que tem medo do que ela possa fazer. Depois de ter sa\u00eddo correndo do hospital, Lucr\u00e9cia desaparece. Manoel a encontra na cachoeira e a leva para casa. Delfina conta a Lucr\u00e9cia que ter\u00e1 que ir para um col\u00e9gio interno. Manoel conta para Juliano que Lucr\u00e9cia vai embora do povoado. O menino tenta se despedir da amiga, mas chega tarde. <\/p>\n<p>Delfina entrega a medalha de Lucr\u00e9cia para Juliano e diz que ela pediu que lhe entregasse. Justina sai de casa com a desculpa que vai buscar Juliano e se encontra com Ramiro. Juliano chega em casa sozinho e Rodolfo pergunta onde est\u00e1 sua m\u00e3e. Ramiro diz a Justina que se estiver disposta a ir embora com ele ter\u00e1 que esquecer seus filhos. Modesto pede Delfina em casamento. Paulino deixa Lucr\u00e9cia no internato onde ela conhece sua prima Renata. <\/p>\n<p>(*) edi\u00e7\u00e3o das novelas do SBT, \u201cMeu Pecado\u201d, sujeito a altera\u00e7\u00e3o de data e conte\u00fado.<\/p>\n<p>Sinopse \u201cMeu Pecado\u201d: Com o passar dos anos, Lucr\u00e9cia (Maite Perroni) e Juliano (Eugenio Siller) se reencontram e seu amor renasce. Lucr\u00e9cia n\u00e3o volta sozinha, vem acompanhada de sua prima Renata (Jessica Coch), que assassinou a diretora do internato em que ela e Lucr\u00e9cia estudavam. Paulino sofre uma crise econ\u00f4mica e Ramiro exige casar com sua filha Lucr\u00e9cia. Mas Carmelo se imp\u00f5e contra o casamento, e o assassina a tiros.<\/p>\n<p>Juliano \u00e9 acusado injustamente por este crime e com isso Lucr\u00e9cia se v\u00ea obrigada a casar-se com Carmelo para evitar a ru\u00edna de seu pai e que Juliano fosse acusado injustamente. Juliano vai embora do povoado, convencido de que Lucr\u00e9cia o traiu. Um tempo depois, Carmelo fica sabendo que Juliano voltou e se inicia a guerra entre os dois pelo amor de Lucr\u00e9cia. No final, Lucr\u00e9cia descobre o porque da rejei\u00e7\u00e3o misteriosa da sua m\u00e3e.<\/p>\n","protected":false},"excerpt":{"rendered":"<p>Resumo da novela \u201cMeu Pecado\u201d em 10\/08: no cap\u00edtulo 009(*) da novela, Lucr\u00e9cia diz que est\u00e1 disposta a entreg\u00e1-las se permitir que Delfina e Manoel voltem para a fazenda. Ros\u00e1rio percebe que a filha est\u00e1 usando a corrente do irm\u00e3o e exige que a entregue. Lucr\u00e9cia se nega, as duas brigam pela corrente e Ros\u00e1rio [&hellip;]<\/p>\n","protected":false},"author":5,"featured_media":235438,"comment_status":"closed","ping_status":"closed","sticky":false,"template":"","format":"standard","meta":{"tdm_status":"","tdm_grid_status":"","footnotes":""},"categories":[2313,379,2025,372,343],"tags":[441],"class_list":{"0":"post-235803","1":"post","2":"type-post","3":"status-publish","4":"format-standard","5":"has-post-thumbnail","7":"category-meu-pecado","8":"category-novelas","9":"category-resumo","10":"category-sbt","11":"category-televisao","12":"tag-resumo-do-dia"},"_links":{"self":[{"href":"https:\/\/migracao.redenoticia.com.br\/noticia\/wp-json\/wp\/v2\/posts\/235803","targetHints":{"allow":["GET"]}}],"collection":[{"href":"https:\/\/migracao.redenoticia.com.br\/noticia\/wp-json\/wp\/v2\/posts"}],"about":[{"href":"https:\/\/migracao.redenoticia.com.br\/noticia\/wp-json\/wp\/v2\/types\/post"}],"author":[{"embeddable":true,"href":"https:\/\/migracao.redenoticia.com.br\/noticia\/wp-json\/wp\/v2\/users\/5"}],"replies":[{"embeddable":true,"href":"https:\/\/migracao.redenoticia.com.br\/noticia\/wp-json\/wp\/v2\/comments?post=235803"}],"version-history":[{"count":0,"href":"https:\/\/migracao.redenoticia.com.br\/noticia\/wp-json\/wp\/v2\/posts\/235803\/revisions"}],"wp:featuredmedia":[{"embeddable":true,"href":"https:\/\/migracao.redenoticia.com.br\/noticia\/wp-json\/wp\/v2\/media\/235438"}],"wp:attachment":[{"href":"https:\/\/migracao.redenoticia.com.br\/noticia\/wp-json\/wp\/v2\/media?parent=235803"}],"wp:term":[{"taxonomy":"category","embeddable":true,"href":"https:\/\/migracao.redenoticia.com.br\/noticia\/wp-json\/wp\/v2\/categories?post=235803"},{"taxonomy":"post_tag","embeddable":true,"href":"https:\/\/migracao.redenoticia.com.br\/noticia\/wp-json\/wp\/v2\/tags?post=235803"}],"curies":[{"name":"wp","href":"https:\/\/api.w.org\/{rel}","templated":true}]}}