{"id":235853,"date":"2023-08-10T15:45:41","date_gmt":"2023-08-10T18:45:41","guid":{"rendered":"https:\/\/www.redenoticia.com.br\/noticia\/?p=235853"},"modified":"2023-08-10T15:45:41","modified_gmt":"2023-08-10T18:45:41","slug":"resumo-terra-e-paixao-11-08-jurece-abencoa-a-uniao-de-aline-e-caio","status":"publish","type":"post","link":"https:\/\/migracao.redenoticia.com.br\/noticia\/2023\/resumo-terra-e-paixao-11-08-jurece-abencoa-a-uniao-de-aline-e-caio\/235853","title":{"rendered":"Resumo &#8220;Terra e Paix\u00e3o&#8221; 11\/08: Jurec\u00ea aben\u00e7oa a uni\u00e3o de Aline e Caio"},"content":{"rendered":"<p> <img loading=\"lazy\" decoding=\"async\" src=\"https:\/\/migracao.redenoticia.com.br\/noticia\/imagens\/novela-terra-e-paixao-resumo.jpg\" alt=\"\" width=\"1280\" height=\"720\" class=\"aligncenter size-full wp-image-231930\" srcset=\"https:\/\/migracao.redenoticia.com.br\/noticia\/imagens\/novela-terra-e-paixao-resumo.jpg 1280w, https:\/\/migracao.redenoticia.com.br\/noticia\/imagens\/novela-terra-e-paixao-resumo-250x140.jpg 250w, https:\/\/migracao.redenoticia.com.br\/noticia\/imagens\/novela-terra-e-paixao-resumo-400x225.jpg 400w, https:\/\/migracao.redenoticia.com.br\/noticia\/imagens\/novela-terra-e-paixao-resumo-768x432.jpg 768w, https:\/\/migracao.redenoticia.com.br\/noticia\/imagens\/novela-terra-e-paixao-resumo-150x84.jpg 150w\" sizes=\"auto, (max-width: 1280px) 100vw, 1280px\" \/> <\/p>\n<p><strong><em>Resumo da novela &#8220;Terra e Paix\u00e3o&#8221;<\/em><\/strong> em 11\/08: no cap\u00edtulo 083(*) da novela, Caio diz a Ant\u00f4nio que sente vergonha do pai e afirma que n\u00e3o abrir\u00e1 m\u00e3o do amor que sente por Aline. Anely promete ficar com Enzo se o t\u00e9cnico de inform\u00e1tica convencer Tadeu de que ela n\u00e3o \u00e9 a dominatrix. H\u00e9lio ampara Petra ao v\u00ea-la passando mal. <\/p>\n<p>Ant\u00f4nio expulsa Caio de casa. Caio resolve comprar a casa de Jussara. Menah conta a Jonatas que Caio desistiu de casar com Gra\u00e7a. Luigi reage ao ver Petra com H\u00e9lio. Ramiro sonha com Kelvin. O perfil de Anely \u00e9 cancelado do site. Jurec\u00ea aben\u00e7oa a uni\u00e3o de Aline e Caio.<\/p>\n<p>Raoni diz a Ira\u00ea que ela n\u00e3o deve gostar de Caio. H\u00e9lio pensa em Petra. Petra descobre que H\u00e9lio \u00e9 o engenheiro contratado da Cooperativa. Caio enfrenta Ant\u00f4nio e afirma que continuar\u00e1 trabalhando nas terras que tamb\u00e9m s\u00e3o suas. Flor avisa a Caio que Ademir foi baleado e est\u00e1 hospitalizado. Anely conta a Luigi que Enzo est\u00e1 apaixonado por ela. Gladys se preocupa com Gra\u00e7a. <\/p>\n<p>Jonatas alerta Aline, dizendo que Caio tem interesses em suas terras. Gra\u00e7a decide promover um desfile na cidade. Enzo conta a Tadeu que Anely n\u00e3o \u00e9 a mulher do pix. Ademir avisa a Caio que a morte de Daniel n\u00e3o foi acidental.<\/p>\n<p>(*) edi\u00e7\u00e3o das novelas da Globo, &#8220;Terra e Paix\u00e3o&#8221;, sujeito a altera\u00e7\u00e3o de data e conte\u00fado.<\/p>\n<p>Sinopse &#8220;Terra e Paix\u00e3o&#8221;: Aline vive ao lado do marido Samuel e do filho Jo\u00e3o. Ap\u00f3s um atentado em sua casa, v\u00ea-se sozinha com o menino diante das terras deixadas pelo marido. Aline aprende a plantar com a ajuda de Jonatas, um amigo fiel. Al\u00e9m de contar com ele, tem ao seu lado sua m\u00e3e. Aline se aproxima dos irm\u00e3os Caio e Daniel, filhos do poderoso fazendeiro Ant\u00f4nio, com quem precisa brigar para manter suas terras. Ao lado dos dois rapazes, descobre sentimentos novos. Ant\u00f4nio La Selva \u00e9 casado com Irene com quem tem dois filhos, Daniel e Petra. Ele foi muito apaixonado por Agatha, com quem teve Caio, e culpa o rapaz pela morte da m\u00e3e no pr\u00e9-parto. <\/p>\n","protected":false},"excerpt":{"rendered":"<p>Resumo da novela &#8220;Terra e Paix\u00e3o&#8221; em 11\/08: no cap\u00edtulo 083(*) da novela, Caio diz a Ant\u00f4nio que sente vergonha do pai e afirma que n\u00e3o abrir\u00e1 m\u00e3o do amor que sente por Aline. Anely promete ficar com Enzo se o t\u00e9cnico de inform\u00e1tica convencer Tadeu de que ela n\u00e3o \u00e9 a dominatrix. H\u00e9lio ampara [&hellip;]<\/p>\n","protected":false},"author":2,"featured_media":231928,"comment_status":"closed","ping_status":"closed","sticky":false,"template":"","format":"standard","meta":{"tdm_status":"","tdm_grid_status":"","footnotes":""},"categories":[379,375,2025,343,2305],"tags":[441],"class_list":{"0":"post-235853","1":"post","2":"type-post","3":"status-publish","4":"format-standard","5":"has-post-thumbnail","7":"category-novelas","8":"category-rede-globo","9":"category-resumo","10":"category-televisao","11":"category-terra-e-paixao","12":"tag-resumo-do-dia"},"_links":{"self":[{"href":"https:\/\/migracao.redenoticia.com.br\/noticia\/wp-json\/wp\/v2\/posts\/235853","targetHints":{"allow":["GET"]}}],"collection":[{"href":"https:\/\/migracao.redenoticia.com.br\/noticia\/wp-json\/wp\/v2\/posts"}],"about":[{"href":"https:\/\/migracao.redenoticia.com.br\/noticia\/wp-json\/wp\/v2\/types\/post"}],"author":[{"embeddable":true,"href":"https:\/\/migracao.redenoticia.com.br\/noticia\/wp-json\/wp\/v2\/users\/2"}],"replies":[{"embeddable":true,"href":"https:\/\/migracao.redenoticia.com.br\/noticia\/wp-json\/wp\/v2\/comments?post=235853"}],"version-history":[{"count":0,"href":"https:\/\/migracao.redenoticia.com.br\/noticia\/wp-json\/wp\/v2\/posts\/235853\/revisions"}],"wp:featuredmedia":[{"embeddable":true,"href":"https:\/\/migracao.redenoticia.com.br\/noticia\/wp-json\/wp\/v2\/media\/231928"}],"wp:attachment":[{"href":"https:\/\/migracao.redenoticia.com.br\/noticia\/wp-json\/wp\/v2\/media?parent=235853"}],"wp:term":[{"taxonomy":"category","embeddable":true,"href":"https:\/\/migracao.redenoticia.com.br\/noticia\/wp-json\/wp\/v2\/categories?post=235853"},{"taxonomy":"post_tag","embeddable":true,"href":"https:\/\/migracao.redenoticia.com.br\/noticia\/wp-json\/wp\/v2\/tags?post=235853"}],"curies":[{"name":"wp","href":"https:\/\/api.w.org\/{rel}","templated":true}]}}