{"id":235858,"date":"2023-08-10T15:37:12","date_gmt":"2023-08-10T18:37:12","guid":{"rendered":"https:\/\/www.redenoticia.com.br\/noticia\/?p=235858"},"modified":"2023-08-10T15:37:12","modified_gmt":"2023-08-10T18:37:12","slug":"resumo-meu-pecado-11-08-manoel-conta-para-juliano-que-lucrecia-vai-embora","status":"publish","type":"post","link":"https:\/\/migracao.redenoticia.com.br\/noticia\/2023\/resumo-meu-pecado-11-08-manoel-conta-para-juliano-que-lucrecia-vai-embora\/235858","title":{"rendered":"Resumo \u201cMeu Pecado\u201d 11\/08: Manoel conta para Juliano que Lucr\u00e9cia vai embora"},"content":{"rendered":"<p> <img loading=\"lazy\" decoding=\"async\" class=\"aligncenter size-full wp-image-235437\" src=\"https:\/\/migracao.redenoticia.com.br\/noticia\/imagens\/novela-meu-pecado-resumo-capitulos-elenco-personagens-logo-redenoticia-sbt.jpg\" alt=\"\" width=\"1280\" height=\"720\" srcset=\"https:\/\/migracao.redenoticia.com.br\/noticia\/imagens\/novela-meu-pecado-resumo-capitulos-elenco-personagens-logo-redenoticia-sbt.jpg 1280w, https:\/\/migracao.redenoticia.com.br\/noticia\/imagens\/novela-meu-pecado-resumo-capitulos-elenco-personagens-logo-redenoticia-sbt-250x140.jpg 250w, https:\/\/migracao.redenoticia.com.br\/noticia\/imagens\/novela-meu-pecado-resumo-capitulos-elenco-personagens-logo-redenoticia-sbt-400x225.jpg 400w, https:\/\/migracao.redenoticia.com.br\/noticia\/imagens\/novela-meu-pecado-resumo-capitulos-elenco-personagens-logo-redenoticia-sbt-768x432.jpg 768w, https:\/\/migracao.redenoticia.com.br\/noticia\/imagens\/novela-meu-pecado-resumo-capitulos-elenco-personagens-logo-redenoticia-sbt-150x84.jpg 150w\" sizes=\"auto, (max-width: 1280px) 100vw, 1280px\" \/><\/p>\n<p><strong><em>Resumo da novela \u201cMeu Pecado\u201d<\/em><\/strong> em 11\/08: no cap\u00edtulo 010(*) da novela, Paulino decide mandar a filha para um col\u00e9gio interno e diz ao padre Matias que precisa afastar Lucr\u00e9cia da m\u00e3e por que tem medo do que ela possa fazer. Depois de ter sa\u00eddo correndo do hospital, Lucr\u00e9cia desaparece. Manoel a encontra na cachoeira e a leva para casa. Delfina conta a Lucr\u00e9cia que ter\u00e1 que ir para um col\u00e9gio interno. Manoel conta para Juliano que Lucr\u00e9cia vai embora do povoado. <\/p>\n<p>O menino tenta se despedir da amiga, mas chega tarde. Delfina entrega a medalha de Lucr\u00e9cia para Juliano e diz que ela pediu que lhe entregasse. Justina sai de casa com a desculpa que vai buscar Juliano e se encontra com Ramiro. Juliano chega em casa sozinho e Rodolfo pergunta onde est\u00e1 sua m\u00e3e. Ramiro diz a Justina que se estiver disposta a ir embora com ele ter\u00e1 que esquecer seus filhos. Modesto pede Delfina em casamento. Paulino deixa Lucr\u00e9cia no internato onde ela conhece sua prima Renata.  <\/p>\n<p>No dia da formatura de Lucr\u00e9cia, Ros\u00e1rio finge estar doente para n\u00e3o participar da cerim\u00f4nia. Depois se arrepende e aparece de surpresa. Renata tem uma s\u00e9ria discuss\u00e3o com a diretora do col\u00e9gio. Durante o baile, Jorge convida Lucr\u00e9cia para dan\u00e7ar, mas Renata se antecipa e se levanta para dan\u00e7ar com o rapaz. Carmelo perde no p\u00f4quer o dinheiro destino a pagar seus empregados. Ramiro se encontra com Justina. Carmelo diz a Branca que est\u00e1 trabalhando com seu pai e ela teme que Ramiro n\u00e3o goste da rela\u00e7\u00e3o que h\u00e1 entre eles. Justina volta para casa tarde da noite e Rodolfo n\u00e3o acredita em sua explica\u00e7\u00e3o. Ros\u00e1rio fica furiosa quando Lucr\u00e9cia comunica que n\u00e3o pretende cursar uma universidade e que voltar\u00e1 para a fazenda. <\/p>\n<p>(*) edi\u00e7\u00e3o das novelas do SBT, \u201cMeu Pecado\u201d, sujeito a altera\u00e7\u00e3o de data e conte\u00fado.<\/p>\n<p>Sinopse \u201cMeu Pecado\u201d: Com o passar dos anos, Lucr\u00e9cia (Maite Perroni) e Juliano (Eugenio Siller) se reencontram e seu amor renasce. Lucr\u00e9cia n\u00e3o volta sozinha, vem acompanhada de sua prima Renata (Jessica Coch), que assassinou a diretora do internato em que ela e Lucr\u00e9cia estudavam. Paulino sofre uma crise econ\u00f4mica e Ramiro exige casar com sua filha Lucr\u00e9cia. Mas Carmelo se imp\u00f5e contra o casamento, e o assassina a tiros.<\/p>\n<p>Juliano \u00e9 acusado injustamente por este crime e com isso Lucr\u00e9cia se v\u00ea obrigada a casar-se com Carmelo para evitar a ru\u00edna de seu pai e que Juliano fosse acusado injustamente. Juliano vai embora do povoado, convencido de que Lucr\u00e9cia o traiu. Um tempo depois, Carmelo fica sabendo que Juliano voltou e se inicia a guerra entre os dois pelo amor de Lucr\u00e9cia. No final, Lucr\u00e9cia descobre o porque da rejei\u00e7\u00e3o misteriosa da sua m\u00e3e.<\/p>\n","protected":false},"excerpt":{"rendered":"<p>Resumo da novela \u201cMeu Pecado\u201d em 11\/08: no cap\u00edtulo 010(*) da novela, Paulino decide mandar a filha para um col\u00e9gio interno e diz ao padre Matias que precisa afastar Lucr\u00e9cia da m\u00e3e por que tem medo do que ela possa fazer. Depois de ter sa\u00eddo correndo do hospital, Lucr\u00e9cia desaparece. Manoel a encontra na cachoeira [&hellip;]<\/p>\n","protected":false},"author":5,"featured_media":235438,"comment_status":"closed","ping_status":"closed","sticky":false,"template":"","format":"standard","meta":{"tdm_status":"","tdm_grid_status":"","footnotes":""},"categories":[2313,379,2025,372,343],"tags":[441],"class_list":{"0":"post-235858","1":"post","2":"type-post","3":"status-publish","4":"format-standard","5":"has-post-thumbnail","7":"category-meu-pecado","8":"category-novelas","9":"category-resumo","10":"category-sbt","11":"category-televisao","12":"tag-resumo-do-dia"},"_links":{"self":[{"href":"https:\/\/migracao.redenoticia.com.br\/noticia\/wp-json\/wp\/v2\/posts\/235858","targetHints":{"allow":["GET"]}}],"collection":[{"href":"https:\/\/migracao.redenoticia.com.br\/noticia\/wp-json\/wp\/v2\/posts"}],"about":[{"href":"https:\/\/migracao.redenoticia.com.br\/noticia\/wp-json\/wp\/v2\/types\/post"}],"author":[{"embeddable":true,"href":"https:\/\/migracao.redenoticia.com.br\/noticia\/wp-json\/wp\/v2\/users\/5"}],"replies":[{"embeddable":true,"href":"https:\/\/migracao.redenoticia.com.br\/noticia\/wp-json\/wp\/v2\/comments?post=235858"}],"version-history":[{"count":0,"href":"https:\/\/migracao.redenoticia.com.br\/noticia\/wp-json\/wp\/v2\/posts\/235858\/revisions"}],"wp:featuredmedia":[{"embeddable":true,"href":"https:\/\/migracao.redenoticia.com.br\/noticia\/wp-json\/wp\/v2\/media\/235438"}],"wp:attachment":[{"href":"https:\/\/migracao.redenoticia.com.br\/noticia\/wp-json\/wp\/v2\/media?parent=235858"}],"wp:term":[{"taxonomy":"category","embeddable":true,"href":"https:\/\/migracao.redenoticia.com.br\/noticia\/wp-json\/wp\/v2\/categories?post=235858"},{"taxonomy":"post_tag","embeddable":true,"href":"https:\/\/migracao.redenoticia.com.br\/noticia\/wp-json\/wp\/v2\/tags?post=235858"}],"curies":[{"name":"wp","href":"https:\/\/api.w.org\/{rel}","templated":true}]}}