{"id":23586,"date":"2010-02-22T11:26:06","date_gmt":"2010-02-22T15:26:06","guid":{"rendered":"http:\/\/www.redenoticia.com.br\/noticia\/?p=23586"},"modified":"2012-04-02T15:41:23","modified_gmt":"2012-04-02T18:41:23","slug":"rede-record-a-historia-de-ester","status":"publish","type":"post","link":"https:\/\/migracao.redenoticia.com.br\/noticia\/2010\/rede-record-a-historia-de-ester\/23586","title":{"rendered":"Rede Record &#8211; A Hist\u00f3ria de Ester"},"content":{"rendered":"<p><strong><em>Rede Record &#8211; A Hist\u00f3ria de Ester <\/em><\/strong>&#8211;\u00a0Abial (Juan Alba) e Lia (C\u00e1ssia Linhares) contam para a filha Hadassa (Gabriela Durlo) como \u00e9 Jerusal\u00e9m, a terra prometida aos judeus. Enquanto isso, nas ruas de Sus\u00e3, soldados amalequitas surpreendem judeus, que correm e gritam desesperados. Muitos judeus morrem no ataque. Mordecai (Ewerton de Castro) foge apavorado. Hadassa escuta atentamente seus pais contarem hist\u00f3rias sobre o templo sagrado e o rei Davi, quando Mordecai os interrompe e avisa que os amalequitas invadiram a cidade. Abiail, Hadassa, Lia e Mordecai fogem apavorados. Eles acabam sendo encurralados por soldados amalequitas. Um guerreiro acerta um golpe em Abiail, que cai morto. Uma flecha atinge Lia. Hadassa sofre ao ver a m\u00e3e sangrando e chora apavorada. Lia pede que a filha tenha sempre orgulho do povo judeu e morre nos seus bra\u00e7os. Mordecai salva Hadassa de ser atingida por um guerreiro.<\/p>\n<p>\u00a0<br \/>\nAnos depois&#8230;<br \/>\n\u00a0<br \/>\nHadassa acorda do pesadelo, j\u00e1 com vinte anos. Mordecai a consola. Ela chama o primo para se mudarem para Jerusal\u00e9m, mas Mordecai diz que ainda n\u00e3o \u00e9 a hora. Ela pede para ir sozinha e revela que era um sonho de seus pais partir para a Terra Prometida. Mordecai pede ao amigo Joel (Giuseppe Oristanio) que leve Hadassa com sua fam\u00edlia.<br \/>\nHadassa conta hist\u00f3ria para algumas crian\u00e7as, quando v\u00ea Ana (Let\u00edcia Colin) passando mal. Ana se anima ao saber que o rei e seus guardas ir\u00e3o passar pela rua, j\u00e1 que est\u00e1 apaixonada pelo soldado Aridai (Paulo Nigro). Hadassa acompanha a amiga. Simion (Maur\u00edcio Ribeiro) passa pela multid\u00e3o para chegar ao pal\u00e1cio. Ruben (Marcio Kieling) zomba do amigo, mas fica enfeiti\u00e7ado ao ver Hadassa.<br \/>\n\u00a0<br \/>\nA for\u00e7a de Assuero<br \/>\n\u00a0<br \/>\nA cidade de Sus\u00e3 nunca reunira tantas culturas diferentes no comando de um \u00fanico rei, Assuero (Marcos Pitombo). O rei desfila em seu cavalo com a comitiva. Todos se curvam ao rei. Hadassa fica fascinada com a beleza de Assuero, mas v\u00ea sua aluna atravessando a rua e quase sendo atropelada pelos cavalos da comitiva. Num impulso, a pega do ch\u00e3o. Soldados se aproximam com lan\u00e7as e espadas. Assuero, no entanto, tem uma intensa troca de olhares com Hadassa. Ele manda os soldados se afastarem. Memuc\u00e3 (Paulo Figueiredo) discursa para o povo a favor de Assuero, enquanto a comitiva distribui joias e objetos de valor para os s\u00faditos. Ana e Aridai tamb\u00e9m trocam olhares. Rebecca (Eliete Cigarini) observa a filha e fica indignada ao perceber a paquera. Joel e Mordecai n\u00e3o se curvam diante da comitiva do rei. Ana segue em dire\u00e7\u00e3o ao encontro com Aridai, mas \u00e9 interceptada pelos pais. Ham\u00e3 (Paulo Gorgulho) manda Mordecai se ajoelhar, mas ele se nega. Ham\u00e3 acerta o judeu com um golpe, que cai sangrando. Joel socorre o amigo. Ana aproveita para ir ao encontro de Aridai. Rebecca a segue. Aridai e Ana se beijam e s\u00e3o flagrados por Rebecca. Para que a m\u00e3e n\u00e3o conte nada a Joel, Ana promete nunca mais se encontrar com Aridai. Harbona (Rocco Pitanga) avisa a rainha Vasti (Daniela Galli) que Assuero pede sua presen\u00e7a. Ham\u00e3 fica furioso com Mordecai. Dalfom (Gabriel Gracindo) instiga ainda mais o \u00f3dio do pai. Zeres (Vanessa Gerbelli) pede que o marido se acalme e diz que depois que ele for nomeado imperador, Ham\u00e3 poder\u00e1 fazer Mordecai se curvar a ele. Ham\u00e3 e Dalfom apoiam a ideia de Zeres.<br \/>\n\u00a0<br \/>\n\u00c0 procura de uma rainha<br \/>\n\u00a0<br \/>\nSimion e Harbona organizam o pal\u00e1cio para o banquete do rei. Memuc\u00e3 parabeniza Assuero, que pretende atacar a Gr\u00e9cia. Vasti avisa Assuero que dar\u00e1 um jantar para as mulheres dos pr\u00edncipes do reino. Hadassa aconselha Mordecai a n\u00e3o ir ao banquete oferecido pelo rei. Ruben tamb\u00e9m fica decepcionado ao saber que Hadassa ir\u00e1 para Jerusal\u00e9m com a fam\u00edlia de Joel. O pal\u00e1cio est\u00e1 cheio de convidados para o banquete oferecido por Assuero. Ruben pede a m\u00e3o de Hadassa a Mordecai, que fica feliz, mas diz que a sobrinha \u00e9 quem tem que escolher. Todos os convidados se curvam diante do rei. Simion prova a bebida e a comida antes do rei. Os convidados clamam pela presen\u00e7a da beleza de rainha Vasti. Assuero manda Harbona chamar a rainha. Vasti festeja com as mulheres dos pr\u00edncipes enquanto Zeres joga a sorte e diz que sua vida ter\u00e1 muitas mudan\u00e7as. Ela diz que os deuses mandaram a rainha seguir sua intui\u00e7\u00e3o. Diante disso, ela recusa o convite do rei. Ham\u00e3 escuta Harbona contando para Assuero que Vasti se recusa a vir e espalha para os convidados. Todos ficam indignados. Incentivado por Memuc\u00e3 e Ham\u00e3, Assuero decide destituir Vasti do trono. Vasti fica revoltada ao saber da decis\u00e3o do rei. Ela tamb\u00e9m discute com Zeres, que foi quem a mandou seguir sua intui\u00e7\u00e3o. Ham\u00e3, ent\u00e3o, pede que Assuero re\u00fana todas as virgens do reino a fim de escolher a nova rainha. Ao ouvir a novidade, Mordecai e Ruben se desesperam. Joel fica revoltado ao saber que sua filha poder\u00e1 ser levada pra o har\u00e9m. Come\u00e7a um tumulto. Rebecca tenta evitar que Ana seja levada, mas os guardas a arrastam dali. Mordecai pede que Hadassa se esconda, mas soldados invadem sua casa e amea\u00e7am mat\u00e1-lo. Hadassa aparece e se entrega, salvando a vida de Mordecai.<br \/>\nEstreia no dia 3 de mar\u00e7o, na Rede Record, a miniss\u00e9rie A Hist\u00f3ria de Ester.<\/p>\n<p>Fonte Record Entretenimento<\/p>\n","protected":false},"excerpt":{"rendered":"<p>Rede Record &#8211; A Hist\u00f3ria de Ester &#8211;\u00a0Abial (Juan Alba) e Lia (C\u00e1ssia Linhares) contam para a filha Hadassa (Gabriela Durlo) como \u00e9 Jerusal\u00e9m, a terra prometida aos judeus. Enquanto isso, nas ruas de Sus\u00e3, soldados amalequitas surpreendem judeus, que correm e gritam desesperados. Muitos judeus morrem no ataque. Mordecai (Ewerton de Castro) foge apavorado. [&hellip;]<\/p>\n","protected":false},"author":3,"featured_media":0,"comment_status":"open","ping_status":"open","sticky":false,"template":"","format":"standard","meta":{"tdm_status":"","tdm_grid_status":"","footnotes":""},"categories":[22,379,371,343],"tags":[],"class_list":{"0":"post-23586","1":"post","2":"type-post","3":"status-publish","4":"format-standard","6":"category-brasil","7":"category-novelas","8":"category-rede-record","9":"category-televisao"},"_links":{"self":[{"href":"https:\/\/migracao.redenoticia.com.br\/noticia\/wp-json\/wp\/v2\/posts\/23586","targetHints":{"allow":["GET"]}}],"collection":[{"href":"https:\/\/migracao.redenoticia.com.br\/noticia\/wp-json\/wp\/v2\/posts"}],"about":[{"href":"https:\/\/migracao.redenoticia.com.br\/noticia\/wp-json\/wp\/v2\/types\/post"}],"author":[{"embeddable":true,"href":"https:\/\/migracao.redenoticia.com.br\/noticia\/wp-json\/wp\/v2\/users\/3"}],"replies":[{"embeddable":true,"href":"https:\/\/migracao.redenoticia.com.br\/noticia\/wp-json\/wp\/v2\/comments?post=23586"}],"version-history":[{"count":0,"href":"https:\/\/migracao.redenoticia.com.br\/noticia\/wp-json\/wp\/v2\/posts\/23586\/revisions"}],"wp:attachment":[{"href":"https:\/\/migracao.redenoticia.com.br\/noticia\/wp-json\/wp\/v2\/media?parent=23586"}],"wp:term":[{"taxonomy":"category","embeddable":true,"href":"https:\/\/migracao.redenoticia.com.br\/noticia\/wp-json\/wp\/v2\/categories?post=23586"},{"taxonomy":"post_tag","embeddable":true,"href":"https:\/\/migracao.redenoticia.com.br\/noticia\/wp-json\/wp\/v2\/tags?post=23586"}],"curies":[{"name":"wp","href":"https:\/\/api.w.org\/{rel}","templated":true}]}}