{"id":235894,"date":"2023-08-11T16:27:43","date_gmt":"2023-08-11T19:27:43","guid":{"rendered":"https:\/\/www.redenoticia.com.br\/noticia\/?p=235894"},"modified":"2023-08-11T16:27:43","modified_gmt":"2023-08-11T19:27:43","slug":"resumo-terra-e-paixao-12-08-flor-avisa-a-caio-que-ademir-foi-baleado","status":"publish","type":"post","link":"https:\/\/migracao.redenoticia.com.br\/noticia\/2023\/resumo-terra-e-paixao-12-08-flor-avisa-a-caio-que-ademir-foi-baleado\/235894","title":{"rendered":"Resumo &#8220;Terra e Paix\u00e3o&#8221; 12\/08: Flor avisa a Caio que Ademir foi baleado"},"content":{"rendered":"<p> <img loading=\"lazy\" decoding=\"async\" src=\"https:\/\/migracao.redenoticia.com.br\/noticia\/imagens\/novela-terra-e-paixao-resumo.jpg\" alt=\"\" width=\"1280\" height=\"720\" class=\"aligncenter size-full wp-image-231930\" srcset=\"https:\/\/migracao.redenoticia.com.br\/noticia\/imagens\/novela-terra-e-paixao-resumo.jpg 1280w, https:\/\/migracao.redenoticia.com.br\/noticia\/imagens\/novela-terra-e-paixao-resumo-250x140.jpg 250w, https:\/\/migracao.redenoticia.com.br\/noticia\/imagens\/novela-terra-e-paixao-resumo-400x225.jpg 400w, https:\/\/migracao.redenoticia.com.br\/noticia\/imagens\/novela-terra-e-paixao-resumo-768x432.jpg 768w, https:\/\/migracao.redenoticia.com.br\/noticia\/imagens\/novela-terra-e-paixao-resumo-150x84.jpg 150w\" sizes=\"auto, (max-width: 1280px) 100vw, 1280px\" \/> <\/p>\n<p><strong><em>Resumo da novela &#8220;Terra e Paix\u00e3o&#8221;<\/em><\/strong> em 12\/08: no cap\u00edtulo 084(*) da novela, Raoni diz a Ira\u00ea que ela n\u00e3o deve gostar de Caio. H\u00e9lio pensa em Petra. Petra descobre que H\u00e9lio \u00e9 o engenheiro contratado da Cooperativa. Caio enfrenta Ant\u00f4nio e afirma que continuar\u00e1 trabalhando nas terras que tamb\u00e9m s\u00e3o suas. Flor avisa a Caio que Ademir foi baleado e est\u00e1 hospitalizado. <\/p>\n<p>Anely conta a Luigi que Enzo est\u00e1 apaixonado por ela. Gladys se preocupa com Gra\u00e7a. Jonatas alerta Aline, dizendo que Caio tem interesses em suas terras. Gra\u00e7a decide promover um desfile na cidade. Enzo conta a Tadeu que Anely n\u00e3o \u00e9 a mulher do pix. Ademir avisa a Caio que a morte de Daniel n\u00e3o foi acidental.<\/p>\n<p>Ademir alerta Caio para ter cuidado. Ramiro diz a Kelvin que n\u00e3o pode mais v\u00ea-lo. Rodrigo comunica a Caio que, de acordo com o resultado da per\u00edcia, tudo leva a crer que os freios do carro que Daniel conduzia foram sabotados. Petra desabafa com H\u00e9lio. Caio deduz que Marino esteja acobertando algu\u00e9m, e Rodrigo pensa em tomar as provid\u00eancias cab\u00edveis para a abertura de um inqu\u00e9rito sobre o acidente de Daniel. Petra n\u00e3o responde Luigi, quando o marido pede explica\u00e7\u00f5es ao ver a mulher chegar de carro com H\u00e9lio. Gra\u00e7a prop\u00f5e a Jonatas que ambos unam for\u00e7as para separar Caio e Aline.<\/p>\n<p>(*) edi\u00e7\u00e3o das novelas da Globo, &#8220;Terra e Paix\u00e3o&#8221;, sujeito a altera\u00e7\u00e3o de data e conte\u00fado.<\/p>\n<p>Sinopse &#8220;Terra e Paix\u00e3o&#8221;: Aline vive ao lado do marido Samuel e do filho Jo\u00e3o. Ap\u00f3s um atentado em sua casa, v\u00ea-se sozinha com o menino diante das terras deixadas pelo marido. Aline aprende a plantar com a ajuda de Jonatas, um amigo fiel. Al\u00e9m de contar com ele, tem ao seu lado sua m\u00e3e. Aline se aproxima dos irm\u00e3os Caio e Daniel, filhos do poderoso fazendeiro Ant\u00f4nio, com quem precisa brigar para manter suas terras. Ao lado dos dois rapazes, descobre sentimentos novos. Ant\u00f4nio La Selva \u00e9 casado com Irene com quem tem dois filhos, Daniel e Petra. Ele foi muito apaixonado por Agatha, com quem teve Caio, e culpa o rapaz pela morte da m\u00e3e no pr\u00e9-parto. <\/p>\n","protected":false},"excerpt":{"rendered":"<p>Resumo da novela &#8220;Terra e Paix\u00e3o&#8221; em 12\/08: no cap\u00edtulo 084(*) da novela, Raoni diz a Ira\u00ea que ela n\u00e3o deve gostar de Caio. H\u00e9lio pensa em Petra. Petra descobre que H\u00e9lio \u00e9 o engenheiro contratado da Cooperativa. Caio enfrenta Ant\u00f4nio e afirma que continuar\u00e1 trabalhando nas terras que tamb\u00e9m s\u00e3o suas. Flor avisa a [&hellip;]<\/p>\n","protected":false},"author":2,"featured_media":231928,"comment_status":"closed","ping_status":"closed","sticky":false,"template":"","format":"standard","meta":{"tdm_status":"","tdm_grid_status":"","footnotes":""},"categories":[379,375,2025,343,2305],"tags":[441],"class_list":{"0":"post-235894","1":"post","2":"type-post","3":"status-publish","4":"format-standard","5":"has-post-thumbnail","7":"category-novelas","8":"category-rede-globo","9":"category-resumo","10":"category-televisao","11":"category-terra-e-paixao","12":"tag-resumo-do-dia"},"_links":{"self":[{"href":"https:\/\/migracao.redenoticia.com.br\/noticia\/wp-json\/wp\/v2\/posts\/235894","targetHints":{"allow":["GET"]}}],"collection":[{"href":"https:\/\/migracao.redenoticia.com.br\/noticia\/wp-json\/wp\/v2\/posts"}],"about":[{"href":"https:\/\/migracao.redenoticia.com.br\/noticia\/wp-json\/wp\/v2\/types\/post"}],"author":[{"embeddable":true,"href":"https:\/\/migracao.redenoticia.com.br\/noticia\/wp-json\/wp\/v2\/users\/2"}],"replies":[{"embeddable":true,"href":"https:\/\/migracao.redenoticia.com.br\/noticia\/wp-json\/wp\/v2\/comments?post=235894"}],"version-history":[{"count":0,"href":"https:\/\/migracao.redenoticia.com.br\/noticia\/wp-json\/wp\/v2\/posts\/235894\/revisions"}],"wp:featuredmedia":[{"embeddable":true,"href":"https:\/\/migracao.redenoticia.com.br\/noticia\/wp-json\/wp\/v2\/media\/231928"}],"wp:attachment":[{"href":"https:\/\/migracao.redenoticia.com.br\/noticia\/wp-json\/wp\/v2\/media?parent=235894"}],"wp:term":[{"taxonomy":"category","embeddable":true,"href":"https:\/\/migracao.redenoticia.com.br\/noticia\/wp-json\/wp\/v2\/categories?post=235894"},{"taxonomy":"post_tag","embeddable":true,"href":"https:\/\/migracao.redenoticia.com.br\/noticia\/wp-json\/wp\/v2\/tags?post=235894"}],"curies":[{"name":"wp","href":"https:\/\/api.w.org\/{rel}","templated":true}]}}