{"id":235928,"date":"2023-08-13T17:02:49","date_gmt":"2023-08-13T20:02:49","guid":{"rendered":"https:\/\/www.redenoticia.com.br\/noticia\/?p=235928"},"modified":"2023-08-13T17:16:03","modified_gmt":"2023-08-13T20:16:03","slug":"resumo-mulheres-de-areia-14-08-andrea-usa-vanderlei-para-provocar-marcos","status":"publish","type":"post","link":"https:\/\/migracao.redenoticia.com.br\/noticia\/2023\/resumo-mulheres-de-areia-14-08-andrea-usa-vanderlei-para-provocar-marcos\/235928","title":{"rendered":"Resumo &#8220;Mulheres de Areia&#8221; 14\/08: Andr\u00e9a usa Vanderlei para provocar Marcos"},"content":{"rendered":"<p> <img loading=\"lazy\" decoding=\"async\" src=\"https:\/\/migracao.redenoticia.com.br\/noticia\/imagens\/mulheres-de-areia-resumo-novela-globo.jpg\" alt=\"\" width=\"1280\" height=\"720\" class=\"aligncenter size-full wp-image-233994\" srcset=\"https:\/\/migracao.redenoticia.com.br\/noticia\/imagens\/mulheres-de-areia-resumo-novela-globo.jpg 1280w, https:\/\/migracao.redenoticia.com.br\/noticia\/imagens\/mulheres-de-areia-resumo-novela-globo-250x140.jpg 250w, https:\/\/migracao.redenoticia.com.br\/noticia\/imagens\/mulheres-de-areia-resumo-novela-globo-400x225.jpg 400w, https:\/\/migracao.redenoticia.com.br\/noticia\/imagens\/mulheres-de-areia-resumo-novela-globo-768x432.jpg 768w, https:\/\/migracao.redenoticia.com.br\/noticia\/imagens\/mulheres-de-areia-resumo-novela-globo-150x84.jpg 150w\" sizes=\"auto, (max-width: 1280px) 100vw, 1280px\" \/><\/p>\n<p><em><strong>Resumo da novela &#8220;Mulheres de Areia&#8221;<\/strong><\/em> em 14\/08: no cap\u00edtulo 036(*) da novela, Marcos come\u00e7a a perceber a diferen\u00e7a entre Ruth e Raquel e sente saudades de Ruth, mas Raquel o domina. Manoela conta a Breno que s\u00f3 poder\u00e1 ser s\u00f3cia de Z\u00e9 Pedro se aceitar p\u00f4r o espantalho dos turistas em cima da barraca. O prefeito diz que n\u00e3o ficar\u00e1 chateado com ela. <\/p>\n<p>Marcos e Raquel chegam em Pontal e ele avisa logo a Floriano que vai lhe dar dinheiro para comprar outro barco. Ruth e Raquel v\u00e3o \u00e0 praia com o mesmo mai\u00f4. Claro que Marcos se confunde e beija Ruth. Ela aproveita o beijo e s\u00f3 depois diz que n\u00e3o \u00e9 Raquel.<\/p>\n<p>Ruth vai embora como se nada tivesse acontecido. Mais uma de Malu: parar os carros da rua para pedir esmola. Maria Helena machuca o joelho ao trope\u00e7ar na Rua e Joel se apressa em socorr\u00ea-la. T\u00f4nia decide ajudar e esfrega o algod\u00e3o com toda a for\u00e7a no ferimento. C\u00e9sar leva Malu de volta para a casa e Arlete lhe passa um serm\u00e3o. Andr\u00e9a marca um novo jantar com Vanderlei e, desta vez, convida Marcos e Raquel. A anfitri\u00e3 vai conseguir o que quer: abalar o casamento de Marcos. Ruth delira de febre e chama por Marcos.<\/p>\n<p>(*) edi\u00e7\u00e3o das novelas da Globo, &#8220;Mulheres de Areia&#8221;, sujeito a altera\u00e7\u00e3o de data e conte\u00fado.<\/p>\n<p>Sinopse &#8220;Mulheres de Areia&#8221;: Ap\u00f3s anos Ruth volta a morar com os pais, o casal de pescadores Isaura e Floriano, e com sua irm\u00e3 g\u00eamea, Raquel. Ruth e Raquel, apesar de fisicamente id\u00eanticas, t\u00eam personalidades totalmente opostas. Ruth \u00e9 doce, calma, humilde e possui um bom cora\u00e7\u00e3o; enquanto Raquel \u00e9 ego\u00edsta, ambiciosa, agressiva e m\u00e1. Raquel finge ser Ruth para conquistar o jovem empres\u00e1rio Marcos Assun\u00e7\u00e3o, que a irm\u00e3 conheceu a caminho de Pontal. Mesmo apaixonado por Ruth, Marcos acaba envolvido pelo charme e sensualidade de Raquel, e acaba casando-se com ela. A uni\u00e3o n\u00e3o impede que Raquel continue a se encontrar \u00e0s escondidas com o malandro e mau-car\u00e1ter Wanderley, seu amante e c\u00famplice. Em Pontal D&#8217;Areia vive ainda Tonho da Lua, que esculpe mulheres de areia na praia, e alimenta um amor plat\u00f4nico por Ruth, sua protetora. Raquel, por sua vez, o persegue e inferniza sua vida, destruindo suas esculturas e o ofendendo sempre que pode.<\/p>\n","protected":false},"excerpt":{"rendered":"<p>Resumo da novela &#8220;Mulheres de Areia&#8221; em 14\/08: no cap\u00edtulo 036(*) da novela, Marcos come\u00e7a a perceber a diferen\u00e7a entre Ruth e Raquel e sente saudades de Ruth, mas Raquel o domina. Manoela conta a Breno que s\u00f3 poder\u00e1 ser s\u00f3cia de Z\u00e9 Pedro se aceitar p\u00f4r o espantalho dos turistas em cima da barraca. [&hellip;]<\/p>\n","protected":false},"author":4,"featured_media":233993,"comment_status":"closed","ping_status":"closed","sticky":false,"template":"","format":"standard","meta":{"tdm_status":"","tdm_grid_status":"","footnotes":""},"categories":[2309,379,375,2025,343],"tags":[441],"class_list":{"0":"post-235928","1":"post","2":"type-post","3":"status-publish","4":"format-standard","5":"has-post-thumbnail","7":"category-mulheres-de-areia","8":"category-novelas","9":"category-rede-globo","10":"category-resumo","11":"category-televisao","12":"tag-resumo-do-dia"},"_links":{"self":[{"href":"https:\/\/migracao.redenoticia.com.br\/noticia\/wp-json\/wp\/v2\/posts\/235928","targetHints":{"allow":["GET"]}}],"collection":[{"href":"https:\/\/migracao.redenoticia.com.br\/noticia\/wp-json\/wp\/v2\/posts"}],"about":[{"href":"https:\/\/migracao.redenoticia.com.br\/noticia\/wp-json\/wp\/v2\/types\/post"}],"author":[{"embeddable":true,"href":"https:\/\/migracao.redenoticia.com.br\/noticia\/wp-json\/wp\/v2\/users\/4"}],"replies":[{"embeddable":true,"href":"https:\/\/migracao.redenoticia.com.br\/noticia\/wp-json\/wp\/v2\/comments?post=235928"}],"version-history":[{"count":0,"href":"https:\/\/migracao.redenoticia.com.br\/noticia\/wp-json\/wp\/v2\/posts\/235928\/revisions"}],"wp:featuredmedia":[{"embeddable":true,"href":"https:\/\/migracao.redenoticia.com.br\/noticia\/wp-json\/wp\/v2\/media\/233993"}],"wp:attachment":[{"href":"https:\/\/migracao.redenoticia.com.br\/noticia\/wp-json\/wp\/v2\/media?parent=235928"}],"wp:term":[{"taxonomy":"category","embeddable":true,"href":"https:\/\/migracao.redenoticia.com.br\/noticia\/wp-json\/wp\/v2\/categories?post=235928"},{"taxonomy":"post_tag","embeddable":true,"href":"https:\/\/migracao.redenoticia.com.br\/noticia\/wp-json\/wp\/v2\/tags?post=235928"}],"curies":[{"name":"wp","href":"https:\/\/api.w.org\/{rel}","templated":true}]}}