{"id":235970,"date":"2023-08-14T15:49:09","date_gmt":"2023-08-14T18:49:09","guid":{"rendered":"https:\/\/www.redenoticia.com.br\/noticia\/?p=235970"},"modified":"2023-08-14T15:49:09","modified_gmt":"2023-08-14T18:49:09","slug":"resumo-meu-pecado-15-08-lucrecia-quase-e-atropelada-por-juliano","status":"publish","type":"post","link":"https:\/\/migracao.redenoticia.com.br\/noticia\/2023\/resumo-meu-pecado-15-08-lucrecia-quase-e-atropelada-por-juliano\/235970","title":{"rendered":"Resumo \u201cMeu Pecado\u201d 15\/08: Lucr\u00e9cia quase \u00e9 atropelada por Juliano"},"content":{"rendered":"<p><img loading=\"lazy\" decoding=\"async\" class=\"aligncenter size-full wp-image-235437\" src=\"https:\/\/migracao.redenoticia.com.br\/noticia\/imagens\/novela-meu-pecado-resumo-capitulos-elenco-personagens-logo-redenoticia-sbt.jpg\" alt=\"\" width=\"1280\" height=\"720\" srcset=\"https:\/\/migracao.redenoticia.com.br\/noticia\/imagens\/novela-meu-pecado-resumo-capitulos-elenco-personagens-logo-redenoticia-sbt.jpg 1280w, https:\/\/migracao.redenoticia.com.br\/noticia\/imagens\/novela-meu-pecado-resumo-capitulos-elenco-personagens-logo-redenoticia-sbt-250x140.jpg 250w, https:\/\/migracao.redenoticia.com.br\/noticia\/imagens\/novela-meu-pecado-resumo-capitulos-elenco-personagens-logo-redenoticia-sbt-400x225.jpg 400w, https:\/\/migracao.redenoticia.com.br\/noticia\/imagens\/novela-meu-pecado-resumo-capitulos-elenco-personagens-logo-redenoticia-sbt-768x432.jpg 768w, https:\/\/migracao.redenoticia.com.br\/noticia\/imagens\/novela-meu-pecado-resumo-capitulos-elenco-personagens-logo-redenoticia-sbt-150x84.jpg 150w\" sizes=\"auto, (max-width: 1280px) 100vw, 1280px\" \/><\/p>\n<p><strong><em>Resumo da novela \u201cMeu Pecado\u201d<\/em><\/strong> em 15\/08: no cap\u00edtulo 012(*) da novela, Ros\u00e1rio tenta impedir que a filha volte para a fazenda, mas Lucr\u00e9cia enfrenta a m\u00e3e e diz que n\u00e3o precisa de sua permiss\u00e3o. Ros\u00e1rio e Paulino deixam \u00e0 festa. Carmelo volta a jogar com a inten\u00e7\u00e3o de recuperar o que perdeu. No dia seguinte \u00e0 formatura, Ros\u00e1rio entra em contato com a dire\u00e7\u00e3o do col\u00e9gio e diz que sua filha s\u00f3 poder\u00e1 deixar a institui\u00e7\u00e3o com sua autoriza\u00e7\u00e3o. <\/p>\n<p>Lucr\u00e9cia recebe a informa\u00e7\u00e3o, mas n\u00e3o aceita e deixa o col\u00e9gio. Carmelo entrega a Ramiro um envelope e diz que \u00e9 o dinheiro que faltava para pagar os pe\u00f5es. Indignado com a atitude irrespons\u00e1vel de Carmelo, Ramiro imp\u00f5e regras. Renata questiona Madalena sobre o testamento de seu pai. Ela diz que n\u00e3o existe heran\u00e7a. Furiosa, Renata a acusa de roubo, a empurra e Madalena cai sem vida. Lucr\u00e9cia chega a S\u00e3o Pedro e quase \u00e9 atropelada pelo carro de Juliano.  <\/p>\n<p>Depois de um encontro desagrad\u00e1vel com Juliano, Lucr\u00e9cia vai para a fazenda de t\u00e1xi. Ros\u00e1rio se irrita com a presen\u00e7a da filha e est\u00e1 determinada a mand\u00e1-la embora no dia seguinte. Paulino n\u00e3o apoia decis\u00e3o da esposa e permite que Lucr\u00e9cia fique na fazenda. Renata pede dinheiro emprestado a Jorge. Lupita encontra Madalena morta no escrit\u00f3rio. Juliano \u00e9 extremamente agressivo com Lucr\u00e9cia e ela, decepcionada diz que ele foi o \u00fanico que n\u00e3o lhe deu um abra\u00e7o de boas vindas. Envergonhada, ele decide abra\u00e7ar a amiga, mas Ros\u00e1rio aparece e lhe d\u00e1 uma bofetada.  <\/p>\n<p>(*) edi\u00e7\u00e3o das novelas do SBT, \u201cMeu Pecado\u201d, sujeito a altera\u00e7\u00e3o de data e conte\u00fado.<\/p>\n<p>Sinopse \u201cMeu Pecado\u201d: Com o passar dos anos, Lucr\u00e9cia (Maite Perroni) e Juliano (Eugenio Siller) se reencontram e seu amor renasce. Lucr\u00e9cia n\u00e3o volta sozinha, vem acompanhada de sua prima Renata (Jessica Coch), que assassinou a diretora do internato em que ela e Lucr\u00e9cia estudavam. Paulino sofre uma crise econ\u00f4mica e Ramiro exige casar com sua filha Lucr\u00e9cia. Mas Carmelo se imp\u00f5e contra o casamento, e o assassina a tiros.<\/p>\n<p>Juliano \u00e9 acusado injustamente por este crime e com isso Lucr\u00e9cia se v\u00ea obrigada a casar-se com Carmelo para evitar a ru\u00edna de seu pai e que Juliano fosse acusado injustamente. Juliano vai embora do povoado, convencido de que Lucr\u00e9cia o traiu. Um tempo depois, Carmelo fica sabendo que Juliano voltou e se inicia a guerra entre os dois pelo amor de Lucr\u00e9cia. No final, Lucr\u00e9cia descobre o porque da rejei\u00e7\u00e3o misteriosa da sua m\u00e3e.<\/p>\n","protected":false},"excerpt":{"rendered":"<p>Resumo da novela \u201cMeu Pecado\u201d em 15\/08: no cap\u00edtulo 012(*) da novela, Ros\u00e1rio tenta impedir que a filha volte para a fazenda, mas Lucr\u00e9cia enfrenta a m\u00e3e e diz que n\u00e3o precisa de sua permiss\u00e3o. Ros\u00e1rio e Paulino deixam \u00e0 festa. Carmelo volta a jogar com a inten\u00e7\u00e3o de recuperar o que perdeu. No dia [&hellip;]<\/p>\n","protected":false},"author":2,"featured_media":235438,"comment_status":"closed","ping_status":"closed","sticky":false,"template":"","format":"standard","meta":{"tdm_status":"","tdm_grid_status":"","footnotes":""},"categories":[2313,379,2025,372,343],"tags":[441],"class_list":{"0":"post-235970","1":"post","2":"type-post","3":"status-publish","4":"format-standard","5":"has-post-thumbnail","7":"category-meu-pecado","8":"category-novelas","9":"category-resumo","10":"category-sbt","11":"category-televisao","12":"tag-resumo-do-dia"},"_links":{"self":[{"href":"https:\/\/migracao.redenoticia.com.br\/noticia\/wp-json\/wp\/v2\/posts\/235970","targetHints":{"allow":["GET"]}}],"collection":[{"href":"https:\/\/migracao.redenoticia.com.br\/noticia\/wp-json\/wp\/v2\/posts"}],"about":[{"href":"https:\/\/migracao.redenoticia.com.br\/noticia\/wp-json\/wp\/v2\/types\/post"}],"author":[{"embeddable":true,"href":"https:\/\/migracao.redenoticia.com.br\/noticia\/wp-json\/wp\/v2\/users\/2"}],"replies":[{"embeddable":true,"href":"https:\/\/migracao.redenoticia.com.br\/noticia\/wp-json\/wp\/v2\/comments?post=235970"}],"version-history":[{"count":0,"href":"https:\/\/migracao.redenoticia.com.br\/noticia\/wp-json\/wp\/v2\/posts\/235970\/revisions"}],"wp:featuredmedia":[{"embeddable":true,"href":"https:\/\/migracao.redenoticia.com.br\/noticia\/wp-json\/wp\/v2\/media\/235438"}],"wp:attachment":[{"href":"https:\/\/migracao.redenoticia.com.br\/noticia\/wp-json\/wp\/v2\/media?parent=235970"}],"wp:term":[{"taxonomy":"category","embeddable":true,"href":"https:\/\/migracao.redenoticia.com.br\/noticia\/wp-json\/wp\/v2\/categories?post=235970"},{"taxonomy":"post_tag","embeddable":true,"href":"https:\/\/migracao.redenoticia.com.br\/noticia\/wp-json\/wp\/v2\/tags?post=235970"}],"curies":[{"name":"wp","href":"https:\/\/api.w.org\/{rel}","templated":true}]}}