{"id":235985,"date":"2023-08-14T17:12:32","date_gmt":"2023-08-14T20:12:32","guid":{"rendered":"https:\/\/www.redenoticia.com.br\/noticia\/?p=235985"},"modified":"2023-08-14T17:12:32","modified_gmt":"2023-08-14T20:12:32","slug":"resumo-sera-isso-amor-15-08-eda-e-filha-do-casal-que-morreu-no-projeto-de-alpketin","status":"publish","type":"post","link":"https:\/\/migracao.redenoticia.com.br\/noticia\/2023\/resumo-sera-isso-amor-15-08-eda-e-filha-do-casal-que-morreu-no-projeto-de-alpketin\/235985","title":{"rendered":"Resumo \u201cSer\u00e1 Isso Amor?\u201d 15\/08: Eda \u00e9 filha do casal que morreu no projeto de Alpketin"},"content":{"rendered":"<p> <img loading=\"lazy\" decoding=\"async\" class=\"aligncenter size-full wp-image-235988\" src=\"https:\/\/migracao.redenoticia.com.br\/noticia\/imagens\/novela-sera-isso-amor-tnt-resumo-elenco.jpg\" alt=\"\" width=\"1280\" height=\"720\" srcset=\"https:\/\/migracao.redenoticia.com.br\/noticia\/imagens\/novela-sera-isso-amor-tnt-resumo-elenco.jpg 1280w, https:\/\/migracao.redenoticia.com.br\/noticia\/imagens\/novela-sera-isso-amor-tnt-resumo-elenco-250x140.jpg 250w, https:\/\/migracao.redenoticia.com.br\/noticia\/imagens\/novela-sera-isso-amor-tnt-resumo-elenco-400x225.jpg 400w, https:\/\/migracao.redenoticia.com.br\/noticia\/imagens\/novela-sera-isso-amor-tnt-resumo-elenco-768x432.jpg 768w, https:\/\/migracao.redenoticia.com.br\/noticia\/imagens\/novela-sera-isso-amor-tnt-resumo-elenco-150x84.jpg 150w\" sizes=\"auto, (max-width: 1280px) 100vw, 1280px\" \/><\/p>\n<p><strong><em>Resumo da novela \u201cSer\u00e1 Isso Amor?\u201d<\/em><\/strong> em 15\/08: no cap\u00edtulo 37(*) da novela, Selin v\u00ea algo devastador e Alptekin ouve uma conversa secretamente.  &#8230; <em>Em detalhes,<\/em> Selin estava esperando por Serkan enquanto fazia Ferit esperar por ela. Serkan vai atr\u00e1s de Eda para impedi-la de ir para a It\u00e1lia. O que Serkan tem a dizer sobre o contrato para Selin. Selin est\u00e1 com o cora\u00e7\u00e3o partido com a confiss\u00e3o de Serkan a Eda. Selin toma sua decis\u00e3o final sobre o casamento com Ferit. Ferit fica confuso. Alian\u00e7as de casamento para ambos, mas algo n\u00e3o est\u00e1 certo com Ferit. &#8230; Selin, em segredo, vende a maioria de suas a\u00e7\u00f5es da empresa <\/p>\n<p>Serkan e Eda precisam conversar com Erdem. Ayfer visita a empresa e Ceren diz a Piril algo importante sobre Engin. Ferit se abre para Ceren. Fifi d\u00e1 conselhos a Melek sobre um aplicativo de namoro. Enquanto todos se preparam para o casamento de Ferit e Selin, Alptekin descobre algo crucial sobre Eda. &#8230; <em>Em detalhes,<\/em> embora muitos anos tenham se passado, Alptekin ainda n\u00e3o esquece a neglig\u00eancia profissional com que causou a morte de duas pessoas. Aydan descobre uma dura verdade sobre Eda. O projeto estava sob a Alpketin Holding. Aydan descobre sobre a filha do casal que morreu no acidente. Infelizmente \u00e9 Eda Yildiz. Serkan e Eda n\u00e3o sabem deste incidente. &#8230; Por outro lado, Ayfer n\u00e3o quer ver Eda com Serkan por causa do contrato de noivado. Ayfer tenta consistentemente enviar Eda para a It\u00e1lia, longe de Serkan. &#8230; Alptekin, que decidiu contar a Serkan sobre o erro que cometeu no passado, v\u00ea Serkan e Eda juntos. Sua sa\u00fade fica comprometida quando ele tenta explicar a situa\u00e7\u00e3o ao filho.<\/p>\n<p>(*) edi\u00e7\u00e3o das novelas da TNT\/HBO, \u201cSer\u00e1 Isso Amor?\u201d, sujeito a altera\u00e7\u00e3o de data e conte\u00fado.<\/p>\n<p>Sinopse &#8220;Ser\u00e1 Isso Amor?&#8221;: (Primeira Temporada) Eda n\u00e3o consegue concluir sua gradua\u00e7\u00e3o na faculdade de arquitetura paisag\u00edstica por causa de Serkan Bolat. Serkan tem uma ex-namorada, Selin, que ficou noiva recentemente ap\u00f3s o rompimento. Para recuper\u00e1-la, Serkan oferece a Eda um contrato segundo o qual ela deve fingir ser sua noiva por dois meses. Ela aceita a oferta e n\u00e3o demora para surgir algo entre eles.<\/p>\n<p>(Segunda Temporada) Serkan e Eda passam por momentos dif\u00edceis durante o tratamento de c\u00e2ncer dele, que fica obcecado com sua doen\u00e7a e que vira um homem completamente diferente ap\u00f3s sobreviver. Serkan volta a se concentrar apenas em seu trabalho, que aos poucos o afasta de Eda. Mais tarde, ela vai para a It\u00e1lia para concluir seus estudos, enquanto Serkan continua com sua vida. Mas quando eles finalmente se reencontram ap\u00f3s 5 longos anos, a vida tem uma surpresa para ambos.<\/p>\n","protected":false},"excerpt":{"rendered":"<p>Resumo da novela \u201cSer\u00e1 Isso Amor?\u201d em 15\/08: no cap\u00edtulo 37(*) da novela, Selin v\u00ea algo devastador e Alptekin ouve uma conversa secretamente. &#8230; Em detalhes, Selin estava esperando por Serkan enquanto fazia Ferit esperar por ela. Serkan vai atr\u00e1s de Eda para impedi-la de ir para a It\u00e1lia. O que Serkan tem a dizer [&hellip;]<\/p>\n","protected":false},"author":2,"featured_media":235990,"comment_status":"closed","ping_status":"closed","sticky":false,"template":"","format":"standard","meta":{"tdm_status":"","tdm_grid_status":"","footnotes":""},"categories":[379,2025,2316,343,2315],"tags":[441],"class_list":{"0":"post-235985","1":"post","2":"type-post","3":"status-publish","4":"format-standard","5":"has-post-thumbnail","7":"category-novelas","8":"category-resumo","9":"category-sera-isso-amor","10":"category-televisao","11":"category-tnt","12":"tag-resumo-do-dia"},"_links":{"self":[{"href":"https:\/\/migracao.redenoticia.com.br\/noticia\/wp-json\/wp\/v2\/posts\/235985","targetHints":{"allow":["GET"]}}],"collection":[{"href":"https:\/\/migracao.redenoticia.com.br\/noticia\/wp-json\/wp\/v2\/posts"}],"about":[{"href":"https:\/\/migracao.redenoticia.com.br\/noticia\/wp-json\/wp\/v2\/types\/post"}],"author":[{"embeddable":true,"href":"https:\/\/migracao.redenoticia.com.br\/noticia\/wp-json\/wp\/v2\/users\/2"}],"replies":[{"embeddable":true,"href":"https:\/\/migracao.redenoticia.com.br\/noticia\/wp-json\/wp\/v2\/comments?post=235985"}],"version-history":[{"count":0,"href":"https:\/\/migracao.redenoticia.com.br\/noticia\/wp-json\/wp\/v2\/posts\/235985\/revisions"}],"wp:featuredmedia":[{"embeddable":true,"href":"https:\/\/migracao.redenoticia.com.br\/noticia\/wp-json\/wp\/v2\/media\/235990"}],"wp:attachment":[{"href":"https:\/\/migracao.redenoticia.com.br\/noticia\/wp-json\/wp\/v2\/media?parent=235985"}],"wp:term":[{"taxonomy":"category","embeddable":true,"href":"https:\/\/migracao.redenoticia.com.br\/noticia\/wp-json\/wp\/v2\/categories?post=235985"},{"taxonomy":"post_tag","embeddable":true,"href":"https:\/\/migracao.redenoticia.com.br\/noticia\/wp-json\/wp\/v2\/tags?post=235985"}],"curies":[{"name":"wp","href":"https:\/\/api.w.org\/{rel}","templated":true}]}}