{"id":236011,"date":"2023-08-15T10:53:35","date_gmt":"2023-08-15T13:53:35","guid":{"rendered":"https:\/\/www.redenoticia.com.br\/noticia\/?p=236011"},"modified":"2023-08-15T10:53:35","modified_gmt":"2023-08-15T13:53:35","slug":"resumo-mulheres-de-areia-16-08-clarita-recebe-um-presente-de-alemao","status":"publish","type":"post","link":"https:\/\/migracao.redenoticia.com.br\/noticia\/2023\/resumo-mulheres-de-areia-16-08-clarita-recebe-um-presente-de-alemao\/236011","title":{"rendered":"Resumo &#8220;Mulheres de Areia&#8221; 16\/08: Clarita recebe um presente de Alem\u00e3o"},"content":{"rendered":"<p> <img loading=\"lazy\" decoding=\"async\" src=\"https:\/\/migracao.redenoticia.com.br\/noticia\/imagens\/mulheres-de-areia-resumo-novela-globo.jpg\" alt=\"\" width=\"1280\" height=\"720\" class=\"aligncenter size-full wp-image-233994\" srcset=\"https:\/\/migracao.redenoticia.com.br\/noticia\/imagens\/mulheres-de-areia-resumo-novela-globo.jpg 1280w, https:\/\/migracao.redenoticia.com.br\/noticia\/imagens\/mulheres-de-areia-resumo-novela-globo-250x140.jpg 250w, https:\/\/migracao.redenoticia.com.br\/noticia\/imagens\/mulheres-de-areia-resumo-novela-globo-400x225.jpg 400w, https:\/\/migracao.redenoticia.com.br\/noticia\/imagens\/mulheres-de-areia-resumo-novela-globo-768x432.jpg 768w, https:\/\/migracao.redenoticia.com.br\/noticia\/imagens\/mulheres-de-areia-resumo-novela-globo-150x84.jpg 150w\" sizes=\"auto, (max-width: 1280px) 100vw, 1280px\" \/><\/p>\n<p><em><strong>Resumo da novela &#8220;Mulheres de Areia&#8221;<\/strong><\/em> em 16\/08: no cap\u00edtulo 038(*) da novela, Ruth delira de febre e chama por Marcos. Ruth melhora. No jantar preparado por Andr\u00e9a, Raquel tenta disfar\u00e7ar ao ver Vanderlei. L\u00e1 pelas tantas Marcos se lembra da troca de nomes na lua-de-mel. Ao chegar em casa, ele cobra explica\u00e7\u00f5es de Raquel e ela assegura que Vanderlei \u00e9 o namorado cafajeste de Ruth. Clarita recebe um presente de Alem\u00e3o como lembran\u00e7a dos bons tempos que passaram juntos. Ela e Virg\u00edlio decidem se separar assim que Marcos se mudar. O empres\u00e1rio parece adivinhar o encontro de Raquel com Vanderlei e manda Duarte segui-la.<\/p>\n<p>Duarte se atrapalha e Raquel vai embora sem o espi\u00e3o atr\u00e1s. No encontro, ela manda Vanderlei esquec\u00ea-la. Z\u00e9 Lu\u00eds reencontra Vera na quermesse da igreja. A partir dai, ele n\u00e3o vai deixar sua ex-namorada em paz. Duarte viaja com Malu e Carola para a fazenda. O tiro sai pela culatra: a barraca com o espantalho \u2014 que Virg\u00edlio mandou expor para irritar o prefeito \u2014 \u00e9 a que vende mais na quermesse. C\u00e9sar procura Ruth e ela ainda se mostra ressentida por ter sido abandonada por ele. Donato persegue Glorinha e a beija \u00e0 for\u00e7a.<\/p>\n<p>(*) edi\u00e7\u00e3o das novelas da Globo, &#8220;Mulheres de Areia&#8221;, sujeito a altera\u00e7\u00e3o de data e conte\u00fado.<\/p>\n<p>Sinopse &#8220;Mulheres de Areia&#8221;: Ap\u00f3s anos Ruth volta a morar com os pais, o casal de pescadores Isaura e Floriano, e com sua irm\u00e3 g\u00eamea, Raquel. Ruth e Raquel, apesar de fisicamente id\u00eanticas, t\u00eam personalidades totalmente opostas. Ruth \u00e9 doce, calma, humilde e possui um bom cora\u00e7\u00e3o; enquanto Raquel \u00e9 ego\u00edsta, ambiciosa, agressiva e m\u00e1. Raquel finge ser Ruth para conquistar o jovem empres\u00e1rio Marcos Assun\u00e7\u00e3o, que a irm\u00e3 conheceu a caminho de Pontal. Mesmo apaixonado por Ruth, Marcos acaba envolvido pelo charme e sensualidade de Raquel, e acaba casando-se com ela. A uni\u00e3o n\u00e3o impede que Raquel continue a se encontrar \u00e0s escondidas com o malandro e mau-car\u00e1ter Wanderley, seu amante e c\u00famplice. Em Pontal D&#8217;Areia vive ainda Tonho da Lua, que esculpe mulheres de areia na praia, e alimenta um amor plat\u00f4nico por Ruth, sua protetora. Raquel, por sua vez, o persegue e inferniza sua vida, destruindo suas esculturas e o ofendendo sempre que pode.<\/p>\n","protected":false},"excerpt":{"rendered":"<p>Resumo da novela &#8220;Mulheres de Areia&#8221; em 16\/08: no cap\u00edtulo 038(*) da novela, Ruth delira de febre e chama por Marcos. Ruth melhora. No jantar preparado por Andr\u00e9a, Raquel tenta disfar\u00e7ar ao ver Vanderlei. L\u00e1 pelas tantas Marcos se lembra da troca de nomes na lua-de-mel. Ao chegar em casa, ele cobra explica\u00e7\u00f5es de Raquel [&hellip;]<\/p>\n","protected":false},"author":3,"featured_media":233993,"comment_status":"closed","ping_status":"closed","sticky":false,"template":"","format":"standard","meta":{"tdm_status":"","tdm_grid_status":"","footnotes":""},"categories":[2309,379,375,2025,343],"tags":[441],"class_list":{"0":"post-236011","1":"post","2":"type-post","3":"status-publish","4":"format-standard","5":"has-post-thumbnail","7":"category-mulheres-de-areia","8":"category-novelas","9":"category-rede-globo","10":"category-resumo","11":"category-televisao","12":"tag-resumo-do-dia"},"_links":{"self":[{"href":"https:\/\/migracao.redenoticia.com.br\/noticia\/wp-json\/wp\/v2\/posts\/236011","targetHints":{"allow":["GET"]}}],"collection":[{"href":"https:\/\/migracao.redenoticia.com.br\/noticia\/wp-json\/wp\/v2\/posts"}],"about":[{"href":"https:\/\/migracao.redenoticia.com.br\/noticia\/wp-json\/wp\/v2\/types\/post"}],"author":[{"embeddable":true,"href":"https:\/\/migracao.redenoticia.com.br\/noticia\/wp-json\/wp\/v2\/users\/3"}],"replies":[{"embeddable":true,"href":"https:\/\/migracao.redenoticia.com.br\/noticia\/wp-json\/wp\/v2\/comments?post=236011"}],"version-history":[{"count":0,"href":"https:\/\/migracao.redenoticia.com.br\/noticia\/wp-json\/wp\/v2\/posts\/236011\/revisions"}],"wp:featuredmedia":[{"embeddable":true,"href":"https:\/\/migracao.redenoticia.com.br\/noticia\/wp-json\/wp\/v2\/media\/233993"}],"wp:attachment":[{"href":"https:\/\/migracao.redenoticia.com.br\/noticia\/wp-json\/wp\/v2\/media?parent=236011"}],"wp:term":[{"taxonomy":"category","embeddable":true,"href":"https:\/\/migracao.redenoticia.com.br\/noticia\/wp-json\/wp\/v2\/categories?post=236011"},{"taxonomy":"post_tag","embeddable":true,"href":"https:\/\/migracao.redenoticia.com.br\/noticia\/wp-json\/wp\/v2\/tags?post=236011"}],"curies":[{"name":"wp","href":"https:\/\/api.w.org\/{rel}","templated":true}]}}