{"id":236016,"date":"2023-08-15T10:56:53","date_gmt":"2023-08-15T13:56:53","guid":{"rendered":"https:\/\/www.redenoticia.com.br\/noticia\/?p=236016"},"modified":"2023-08-15T10:56:53","modified_gmt":"2023-08-15T13:56:53","slug":"resumo-fuzue-16-08-francisco-desconfia-de-luna","status":"publish","type":"post","link":"https:\/\/migracao.redenoticia.com.br\/noticia\/2023\/resumo-fuzue-16-08-francisco-desconfia-de-luna\/236016","title":{"rendered":"Resumo \u201cFuzu\u00ea\u201d 16\/08: Francisco desconfia de Luna"},"content":{"rendered":"<p> <img loading=\"lazy\" decoding=\"async\" src=\"https:\/\/migracao.redenoticia.com.br\/noticia\/imagens\/fuzue-novela-resumo-elenco-globo.jpg\" alt=\"\" width=\"1280\" height=\"720\" class=\"aligncenter size-full wp-image-235541\" srcset=\"https:\/\/migracao.redenoticia.com.br\/noticia\/imagens\/fuzue-novela-resumo-elenco-globo.jpg 1280w, https:\/\/migracao.redenoticia.com.br\/noticia\/imagens\/fuzue-novela-resumo-elenco-globo-250x140.jpg 250w, https:\/\/migracao.redenoticia.com.br\/noticia\/imagens\/fuzue-novela-resumo-elenco-globo-400x225.jpg 400w, https:\/\/migracao.redenoticia.com.br\/noticia\/imagens\/fuzue-novela-resumo-elenco-globo-768x432.jpg 768w, https:\/\/migracao.redenoticia.com.br\/noticia\/imagens\/fuzue-novela-resumo-elenco-globo-150x84.jpg 150w\" sizes=\"auto, (max-width: 1280px) 100vw, 1280px\" \/> <\/p>\n<p><strong><em>Resumo da novela \u201cFuzu\u00ea\u201d<\/em><\/strong> em 16\/08: no cap\u00edtulo 003(*) da novela, Luna fica intrigada com as imagens de Maria Navalha no arquivo da c\u00e2mera de seguran\u00e7a da Fuzu\u00ea. Preciosa fala para Pascoal que acabar\u00e1 com a reputa\u00e7\u00e3o da Fuzu\u00ea e dos Braga e Silva. Francisco e Al\u00edcia contam para Miguel sobre a real situa\u00e7\u00e3o da Fuzu\u00ea. Luna e Nero encontram um t\u00fanel no dep\u00f3sito onde Maria Navalha desapareceu. Preciosa vai \u00e0 Fuzu\u00ea. <\/p>\n<p>Bebel sofre ao relembrar o passado. Nero convida Luna para viajar com ele e a fam\u00edlia. Heitor instrui sua equipe para criar fake news sobre Nero. Preciosa admira Miguel. Francisco desconfia de Luna. Nero \u00e9 hostil com Preciosa. Bebel pensa em Nero. Preciosa se faz de v\u00edtima para Miguel. A poderosa ouve Ot\u00e1vio Augusto falando sobre o sumi\u00e7o de Maria Navalha. Rep\u00f3rteres questionam Miguel sobre as fake news postadas na internet. Miguel e Luna entram no carro de Jefinho. Merreca observa Luna.<\/p>\n<p>(*) edi\u00e7\u00e3o das novelas da Globo, \u201cFuzu\u00ea\u201d, sujeito a altera\u00e7\u00e3o de data e conte\u00fado.<\/p>\n<p>Sinopse \u201cFuzu\u00ea\u201d: Luna (Giovana Cordeiro) \u00e9 uma jovem carism\u00e1tica e batalhadora que se empenha em procurar sua m\u00e3e, Maria Navalha (Ol\u00edvia Ara\u00fajo), vista pela \u00faltima vez na loja Fuzu\u00ea. Durante a investiga\u00e7\u00e3o, Luna se apaixona pelo advogado Miguel (Nicolas Prattes), um dos filhos do empres\u00e1rio e ex-feirante Nero (Edson Celulari), dono da \u201cFuzu\u00ea\u201d. Miguel disputa o amor de Luna com Jefinho Sem Vergonha (Micael Borges), um motorista de aplicativo. Luna tem como sua melhor amiga Soraya Terremoto (Heslaine Vieira), dan\u00e7arina do Beco do Gamb\u00e1, que vive uma rela\u00e7\u00e3o calorosa com Francisco (Michel Joelsas), um dos herdeiros da Fuzu\u00ea, e rejeita as investidas de Merreca (Ruan Aguiar).<\/p>\n<p>Enquanto isso, a gananciosa Preciosa Montebello (Marina Ruy Barbosa), uma poderosa empres\u00e1ria, casada com o corrupto pol\u00edtico Heitor (Felipe Simas), recebe como heran\u00e7a do pai, C\u00e9sar (Leopoldo Pacheco), documentos que indicam a localiza\u00e7\u00e3o de uma fortuna escondida nos terrenos da Fuzu\u00ea. Em meio \u00e0 papelada descobre a exist\u00eancia de uma meia-irm\u00e3, Luna, com quem ela deve dividir o seu patrim\u00f4nio. Preciosa faz o poss\u00edvel para comprar e demolir a loja \u201cFuzu\u00ea\u201d.<\/p>\n","protected":false},"excerpt":{"rendered":"<p>Resumo da novela \u201cFuzu\u00ea\u201d em 16\/08: no cap\u00edtulo 003(*) da novela, Luna fica intrigada com as imagens de Maria Navalha no arquivo da c\u00e2mera de seguran\u00e7a da Fuzu\u00ea. Preciosa fala para Pascoal que acabar\u00e1 com a reputa\u00e7\u00e3o da Fuzu\u00ea e dos Braga e Silva. Francisco e Al\u00edcia contam para Miguel sobre a real situa\u00e7\u00e3o da [&hellip;]<\/p>\n","protected":false},"author":4,"featured_media":235540,"comment_status":"closed","ping_status":"closed","sticky":false,"template":"","format":"standard","meta":{"tdm_status":"","tdm_grid_status":"","footnotes":""},"categories":[2314,379,375,2025,343],"tags":[441],"class_list":{"0":"post-236016","1":"post","2":"type-post","3":"status-publish","4":"format-standard","5":"has-post-thumbnail","7":"category-fuzue","8":"category-novelas","9":"category-rede-globo","10":"category-resumo","11":"category-televisao","12":"tag-resumo-do-dia"},"_links":{"self":[{"href":"https:\/\/migracao.redenoticia.com.br\/noticia\/wp-json\/wp\/v2\/posts\/236016","targetHints":{"allow":["GET"]}}],"collection":[{"href":"https:\/\/migracao.redenoticia.com.br\/noticia\/wp-json\/wp\/v2\/posts"}],"about":[{"href":"https:\/\/migracao.redenoticia.com.br\/noticia\/wp-json\/wp\/v2\/types\/post"}],"author":[{"embeddable":true,"href":"https:\/\/migracao.redenoticia.com.br\/noticia\/wp-json\/wp\/v2\/users\/4"}],"replies":[{"embeddable":true,"href":"https:\/\/migracao.redenoticia.com.br\/noticia\/wp-json\/wp\/v2\/comments?post=236016"}],"version-history":[{"count":0,"href":"https:\/\/migracao.redenoticia.com.br\/noticia\/wp-json\/wp\/v2\/posts\/236016\/revisions"}],"wp:featuredmedia":[{"embeddable":true,"href":"https:\/\/migracao.redenoticia.com.br\/noticia\/wp-json\/wp\/v2\/media\/235540"}],"wp:attachment":[{"href":"https:\/\/migracao.redenoticia.com.br\/noticia\/wp-json\/wp\/v2\/media?parent=236016"}],"wp:term":[{"taxonomy":"category","embeddable":true,"href":"https:\/\/migracao.redenoticia.com.br\/noticia\/wp-json\/wp\/v2\/categories?post=236016"},{"taxonomy":"post_tag","embeddable":true,"href":"https:\/\/migracao.redenoticia.com.br\/noticia\/wp-json\/wp\/v2\/tags?post=236016"}],"curies":[{"name":"wp","href":"https:\/\/api.w.org\/{rel}","templated":true}]}}