{"id":23602,"date":"2010-02-22T08:37:40","date_gmt":"2010-02-22T12:37:40","guid":{"rendered":"http:\/\/www.redenoticia.com.br\/noticia\/?p=23602"},"modified":"2010-02-22T12:39:34","modified_gmt":"2010-02-22T16:39:34","slug":"hbo-apresenta-the-prisoner-na-america-latina","status":"publish","type":"post","link":"https:\/\/migracao.redenoticia.com.br\/noticia\/2010\/hbo-apresenta-the-prisoner-na-america-latina\/23602","title":{"rendered":"HBO apresenta The Prisoner na Am\u00e9rica Latina"},"content":{"rendered":"<p>A HBO Latin America (LA) anunciou para o pr\u00f3ximo dia 28 de fevereiro a estreia na Am\u00e9rica Latina da miniss\u00e9rie <strong><em>The Prisoner <\/em><\/strong>(O Prisioneiro), baseada na s\u00e9rie brit\u00e2nica de sucesso de 1960. &#8220;The Prisoner \u00e9 uma produ\u00e7\u00e3o de fic\u00e7\u00e3o cient\u00edfica que conta com atores de primeira linha e uma hist\u00f3ria interessante que vai surpreendendo o p\u00fablico \u00e0 medida que os epis\u00f3dios se sucedem. Temos certeza de que os assinantes da Am\u00e9rica Latina ficar\u00e3o presos a esta nova miniss\u00e9rie&#8221;, disse Gustavo Grossman, Vice-presidente e Gerente Geral da HBO Networks.<\/p>\n<p>The Prisoner, miniss\u00e9rie coproduzida pela AMC e pela ITV Productions, conta a hist\u00f3ria de um homem que aparece inexplicavelmente em um lugar chamado A Vila. Sem saber como chegou l\u00e1, o protagonista come\u00e7a a explorar o entorno e descobre que os moradores desse lugar estranho se identificam por n\u00fameros, n\u00e3o por nomes, al\u00e9m de n\u00e3o serem t\u00e3o confi\u00e1veis como podem parecer.<\/p>\n<p>A produ\u00e7\u00e3o tem como coprotagonista Jim Caviezel (O Conde de Monte Cristo e A Paix\u00e3o de Cristo), que faz o personagem Seis. Outro ator importante \u00e9 o indicado ao Oscar Ian McKellen (O Senhor dos An\u00e9is, O C\u00f3digo da Vinci), que interpreta Dois, a autoridade m\u00e1xima de A Vila e principal advers\u00e1rio Seis.\u00a0Em The Prisoner, o personagem Seis precisa descobrir por que est\u00e1 l\u00e1 e, o que \u00e9 mais importante, encontrar o jeito de voltar a Nova York, embora Dois tente impedir isso de qualquer maneira. No caminho o protagonista encontrar\u00e1 mais pessoas que, como ele, acreditam que existe outra realidade fora de A Vila.<\/p>\n<p>A s\u00e9rie tamb\u00e9m conta com a participa\u00e7\u00e3o de Ruth Wilson, como 313; Hayley Atwell, como Lucy; Lennie James, como 147; e Jamie Campbell Bower, como 11 &#8211; 12. Bill Gallangher \u00e9 autor e produtor executivo junto com Michele Buck, Damien Timmer, Rebecca Keane, Charlie Collier, Christina Wayne e Vlad Wolynetz. A s\u00e9rie \u00e9 produzida por Trevor Hopkins.<\/p>\n","protected":false},"excerpt":{"rendered":"<p>A HBO Latin America (LA) anunciou para o pr\u00f3ximo dia 28 de fevereiro a estreia na Am\u00e9rica Latina da miniss\u00e9rie The Prisoner (O Prisioneiro), baseada na s\u00e9rie brit\u00e2nica de sucesso de 1960. &#8220;The Prisoner \u00e9 uma produ\u00e7\u00e3o de fic\u00e7\u00e3o cient\u00edfica que conta com atores de primeira linha e uma hist\u00f3ria interessante que vai surpreendendo o [&hellip;]<\/p>\n","protected":false},"author":3,"featured_media":0,"comment_status":"open","ping_status":"open","sticky":false,"template":"","format":"standard","meta":{"tdm_status":"","tdm_grid_status":"","footnotes":""},"categories":[343],"tags":[],"class_list":{"0":"post-23602","1":"post","2":"type-post","3":"status-publish","4":"format-standard","6":"category-televisao"},"_links":{"self":[{"href":"https:\/\/migracao.redenoticia.com.br\/noticia\/wp-json\/wp\/v2\/posts\/23602","targetHints":{"allow":["GET"]}}],"collection":[{"href":"https:\/\/migracao.redenoticia.com.br\/noticia\/wp-json\/wp\/v2\/posts"}],"about":[{"href":"https:\/\/migracao.redenoticia.com.br\/noticia\/wp-json\/wp\/v2\/types\/post"}],"author":[{"embeddable":true,"href":"https:\/\/migracao.redenoticia.com.br\/noticia\/wp-json\/wp\/v2\/users\/3"}],"replies":[{"embeddable":true,"href":"https:\/\/migracao.redenoticia.com.br\/noticia\/wp-json\/wp\/v2\/comments?post=23602"}],"version-history":[{"count":0,"href":"https:\/\/migracao.redenoticia.com.br\/noticia\/wp-json\/wp\/v2\/posts\/23602\/revisions"}],"wp:attachment":[{"href":"https:\/\/migracao.redenoticia.com.br\/noticia\/wp-json\/wp\/v2\/media?parent=23602"}],"wp:term":[{"taxonomy":"category","embeddable":true,"href":"https:\/\/migracao.redenoticia.com.br\/noticia\/wp-json\/wp\/v2\/categories?post=23602"},{"taxonomy":"post_tag","embeddable":true,"href":"https:\/\/migracao.redenoticia.com.br\/noticia\/wp-json\/wp\/v2\/tags?post=23602"}],"curies":[{"name":"wp","href":"https:\/\/api.w.org\/{rel}","templated":true}]}}