{"id":236041,"date":"2023-08-16T17:52:33","date_gmt":"2023-08-16T20:52:33","guid":{"rendered":"https:\/\/www.redenoticia.com.br\/noticia\/?p=236041"},"modified":"2023-08-16T17:52:33","modified_gmt":"2023-08-16T20:52:33","slug":"resumo-meu-pecado-17-08-rosario-nao-acredita-na-inocencia-da-filha","status":"publish","type":"post","link":"https:\/\/migracao.redenoticia.com.br\/noticia\/2023\/resumo-meu-pecado-17-08-rosario-nao-acredita-na-inocencia-da-filha\/236041","title":{"rendered":"Resumo \u201cMeu Pecado\u201d 17\/08: Ros\u00e1rio n\u00e3o acredita na inoc\u00eancia da filha"},"content":{"rendered":"<p> <img loading=\"lazy\" decoding=\"async\" class=\"aligncenter size-full wp-image-235437\" src=\"https:\/\/migracao.redenoticia.com.br\/noticia\/imagens\/novela-meu-pecado-resumo-capitulos-elenco-personagens-logo-redenoticia-sbt.jpg\" alt=\"\" width=\"1280\" height=\"720\" srcset=\"https:\/\/migracao.redenoticia.com.br\/noticia\/imagens\/novela-meu-pecado-resumo-capitulos-elenco-personagens-logo-redenoticia-sbt.jpg 1280w, https:\/\/migracao.redenoticia.com.br\/noticia\/imagens\/novela-meu-pecado-resumo-capitulos-elenco-personagens-logo-redenoticia-sbt-250x140.jpg 250w, https:\/\/migracao.redenoticia.com.br\/noticia\/imagens\/novela-meu-pecado-resumo-capitulos-elenco-personagens-logo-redenoticia-sbt-400x225.jpg 400w, https:\/\/migracao.redenoticia.com.br\/noticia\/imagens\/novela-meu-pecado-resumo-capitulos-elenco-personagens-logo-redenoticia-sbt-768x432.jpg 768w, https:\/\/migracao.redenoticia.com.br\/noticia\/imagens\/novela-meu-pecado-resumo-capitulos-elenco-personagens-logo-redenoticia-sbt-150x84.jpg 150w\" sizes=\"auto, (max-width: 1280px) 100vw, 1280px\" \/><\/p>\n<p><strong><em>Resumo da novela \u201cMeu Pecado\u201d<\/em><\/strong> em 17\/08: no cap\u00edtulo 014(*) da novela, O delegado quer que Lucr\u00e9cia preste depoimento na cidade onde aconteceu o crime. Ros\u00e1rio, para impedir que o nome da fam\u00edlia seja envolvido em um esc\u00e2ndalo, manda chamar o Advogado da fam\u00edlia e o Dr. Estrada consegue que ela seja ouvida no povoado. Ramiro pergunta a Juliano se est\u00e1 interessado em sua filha e ele nega. Tereza organiza uma festa de boas vindas para Lucr\u00e9cia e convida Juliano. Ele recusa o convite e diz que n\u00e3o tem mais nada em comum com Lucr\u00e9cia. <\/p>\n<p>Ramiro d\u00e1 ordens a Carmelo para que v\u00e1 buscar a colheita de ma\u00e7\u00e3s. Lucr\u00e9cia, em seu depoimento, diz que quando deixou o col\u00e9gio \u00e0 diretora estava bem. Afirma\u00e7\u00e3o que \u00e9 refor\u00e7ada por Renata, que mente ao dizer que as duas sa\u00edram juntas. Mais tarde, Lucr\u00e9cia diz a Renata que ela mentiu provavelmente para se livrar de qualquer suspeita. j\u00e1 que manifestou v\u00e1rias vezes o desejo de matar Madalena. Ros\u00e1rio n\u00e3o acredita na inoc\u00eancia da filha. Juliano encontra Lucr\u00e9cia chorando, tenta consol\u00e1-la e lhe d\u00e1 um beijo.<\/p>\n<p>Renata e Manoel encontram Lucr\u00e9cia e Juliano passeando perto do rio. Lucr\u00e9cia apresenta a prima a seu amigo de inf\u00e2ncia. Carmelo convida Renata para jantar e, no restaurante, conta a ela a hist\u00f3ria da fam\u00edlia C\u00f3rdoba. Ros\u00e1rio diz a Lucr\u00e9cia que decidiu fazer a festa de boas vindas em sua casa e que vai combinar tudo com Tereza. Paulino n\u00e3o gosta da decis\u00e3o da esposa, mas Ros\u00e1rio diz que assim poder\u00e1 controlar os convidados. Lucr\u00e9cia confidencia a Delfina que Juliano a beijou. A bab\u00e1 aconselha que se afaste do rapaz porque n\u00e3o pode existir nada entre eles. Renata critica Lucr\u00e9cia por nunca ter lhe dito que Juliano foi o respons\u00e1vel pela morte de C\u00e9sar. Lucr\u00e9cia defende Juliano e Renata percebe que a prima est\u00e1 apaixonada por ele. <\/p>\n<p>Renata se desculpa com Ros\u00e1rio por n\u00e3o ter avisa que ia sair com Carmelo e se oferece para mant\u00ea-la informada de tudo que Lucr\u00e9cia faz e com quem. Ros\u00e1rio questiona sua atitude e ela diz que n\u00e3o gostaria dever a prima envolvida com o respons\u00e1vel pela morte de seu irm\u00e3o. Lucr\u00e9cia pede a Manoel que entregue uma mensagem sua para Juliano. Ele se nega e Renata se oferece para lev\u00e1-la. Padre Matias re\u00fane os amigos Rodolfo, Ramiro e Paulino e pede a eles que esque\u00e7am as desaven\u00e7as e sejam amigos novamente. Ramiro diz a Paulino que precisa fazer mais investimentos e que se n\u00e3o obtiver resultados ter\u00e1 que procurar outro s\u00f3cio. Justina encontra o bilhete enviado a Juliano e vai falar com Lucr\u00e9cia. Furiosa, ela exige que Lucr\u00e9cia deixe seu filho em paz e lhe d\u00e1 uma bofetada. Lucr\u00e9cia devolve a bofetada.  <\/p>\n<p>(*) edi\u00e7\u00e3o das novelas do SBT, \u201cMeu Pecado\u201d, sujeito a altera\u00e7\u00e3o de data e conte\u00fado.<\/p>\n<p>Sinopse \u201cMeu Pecado\u201d: Com o passar dos anos, Lucr\u00e9cia (Maite Perroni) e Juliano (Eugenio Siller) se reencontram e seu amor renasce. Lucr\u00e9cia n\u00e3o volta sozinha, vem acompanhada de sua prima Renata (Jessica Coch), que assassinou a diretora do internato em que ela e Lucr\u00e9cia estudavam. Paulino sofre uma crise econ\u00f4mica e Ramiro exige casar com sua filha Lucr\u00e9cia. Mas Carmelo se imp\u00f5e contra o casamento, e o assassina a tiros.<\/p>\n<p>Juliano \u00e9 acusado injustamente por este crime e com isso Lucr\u00e9cia se v\u00ea obrigada a casar-se com Carmelo para evitar a ru\u00edna de seu pai e que Juliano fosse acusado injustamente. Juliano vai embora do povoado, convencido de que Lucr\u00e9cia o traiu. Um tempo depois, Carmelo fica sabendo que Juliano voltou e se inicia a guerra entre os dois pelo amor de Lucr\u00e9cia. No final, Lucr\u00e9cia descobre o porque da rejei\u00e7\u00e3o misteriosa da sua m\u00e3e.<\/p>\n","protected":false},"excerpt":{"rendered":"<p>Resumo da novela \u201cMeu Pecado\u201d em 17\/08: no cap\u00edtulo 014(*) da novela, O delegado quer que Lucr\u00e9cia preste depoimento na cidade onde aconteceu o crime. Ros\u00e1rio, para impedir que o nome da fam\u00edlia seja envolvido em um esc\u00e2ndalo, manda chamar o Advogado da fam\u00edlia e o Dr. Estrada consegue que ela seja ouvida no povoado. [&hellip;]<\/p>\n","protected":false},"author":4,"featured_media":235438,"comment_status":"closed","ping_status":"closed","sticky":false,"template":"","format":"standard","meta":{"tdm_status":"","tdm_grid_status":"","footnotes":""},"categories":[2313,379,2025,372,343],"tags":[441],"class_list":{"0":"post-236041","1":"post","2":"type-post","3":"status-publish","4":"format-standard","5":"has-post-thumbnail","7":"category-meu-pecado","8":"category-novelas","9":"category-resumo","10":"category-sbt","11":"category-televisao","12":"tag-resumo-do-dia"},"_links":{"self":[{"href":"https:\/\/migracao.redenoticia.com.br\/noticia\/wp-json\/wp\/v2\/posts\/236041","targetHints":{"allow":["GET"]}}],"collection":[{"href":"https:\/\/migracao.redenoticia.com.br\/noticia\/wp-json\/wp\/v2\/posts"}],"about":[{"href":"https:\/\/migracao.redenoticia.com.br\/noticia\/wp-json\/wp\/v2\/types\/post"}],"author":[{"embeddable":true,"href":"https:\/\/migracao.redenoticia.com.br\/noticia\/wp-json\/wp\/v2\/users\/4"}],"replies":[{"embeddable":true,"href":"https:\/\/migracao.redenoticia.com.br\/noticia\/wp-json\/wp\/v2\/comments?post=236041"}],"version-history":[{"count":0,"href":"https:\/\/migracao.redenoticia.com.br\/noticia\/wp-json\/wp\/v2\/posts\/236041\/revisions"}],"wp:featuredmedia":[{"embeddable":true,"href":"https:\/\/migracao.redenoticia.com.br\/noticia\/wp-json\/wp\/v2\/media\/235438"}],"wp:attachment":[{"href":"https:\/\/migracao.redenoticia.com.br\/noticia\/wp-json\/wp\/v2\/media?parent=236041"}],"wp:term":[{"taxonomy":"category","embeddable":true,"href":"https:\/\/migracao.redenoticia.com.br\/noticia\/wp-json\/wp\/v2\/categories?post=236041"},{"taxonomy":"post_tag","embeddable":true,"href":"https:\/\/migracao.redenoticia.com.br\/noticia\/wp-json\/wp\/v2\/tags?post=236041"}],"curies":[{"name":"wp","href":"https:\/\/api.w.org\/{rel}","templated":true}]}}