{"id":236045,"date":"2023-08-16T18:21:00","date_gmt":"2023-08-16T21:21:00","guid":{"rendered":"https:\/\/www.redenoticia.com.br\/noticia\/?p=236045"},"modified":"2023-08-16T18:21:00","modified_gmt":"2023-08-16T21:21:00","slug":"resumo-mulheres-de-areia-17-08-virgilio-manda-duarte-seguir-raquel","status":"publish","type":"post","link":"https:\/\/migracao.redenoticia.com.br\/noticia\/2023\/resumo-mulheres-de-areia-17-08-virgilio-manda-duarte-seguir-raquel\/236045","title":{"rendered":"Resumo &#8220;Mulheres de Areia&#8221; 17\/08: Virg\u00edlio manda Duarte seguir Raquel"},"content":{"rendered":"<p> <img loading=\"lazy\" decoding=\"async\" src=\"https:\/\/migracao.redenoticia.com.br\/noticia\/imagens\/mulheres-de-areia-resumo-novela-globo.jpg\" alt=\"\" width=\"1280\" height=\"720\" class=\"aligncenter size-full wp-image-233994\" srcset=\"https:\/\/migracao.redenoticia.com.br\/noticia\/imagens\/mulheres-de-areia-resumo-novela-globo.jpg 1280w, https:\/\/migracao.redenoticia.com.br\/noticia\/imagens\/mulheres-de-areia-resumo-novela-globo-250x140.jpg 250w, https:\/\/migracao.redenoticia.com.br\/noticia\/imagens\/mulheres-de-areia-resumo-novela-globo-400x225.jpg 400w, https:\/\/migracao.redenoticia.com.br\/noticia\/imagens\/mulheres-de-areia-resumo-novela-globo-768x432.jpg 768w, https:\/\/migracao.redenoticia.com.br\/noticia\/imagens\/mulheres-de-areia-resumo-novela-globo-150x84.jpg 150w\" sizes=\"auto, (max-width: 1280px) 100vw, 1280px\" \/><\/p>\n<p><em><strong>Resumo da novela &#8220;Mulheres de Areia&#8221;<\/strong><\/em> em 17\/08: no cap\u00edtulo 039(*) da novela, Virg\u00edlio parece adivinhar o encontro de Raquel com Vanderlei e manda Duarte segui-la. Duarte se atrapalha e Raquel vai embora sem o espi\u00e3o atr\u00e1s. No encontro, ela manda Vanderlei esquec\u00ea-la. Z\u00e9 Lu\u00eds reencontra Vera na quermesse da igreja. A partir dai, ele n\u00e3o vai deixar sua ex-namorada em paz. <\/p>\n<p>Duarte viaja com Malu e Carola para a fazenda. O tiro sai pela culatra: a barraca com o espantalho \u2014 que Virg\u00edlio mandou expor para irritar o prefeito \u2014 \u00e9 a que vende mais na quermesse. C\u00e9sar procura Ruth e ela ainda se mostra ressentida por ter sido abandonada por ele. Donato persegue Glorinha e a beija \u00e0 for\u00e7a.<\/p>\n<p>Da Lua e Tito ficam revoltados e come\u00e7am a pensar num plano para destruir Donato. Na fazenda, Carola fica encantada com Alaor. Raquel viaja correndo para Pontal para avisar Ruth da hist\u00f3ria que inventou sobre seu namoro com Vanderlei. Atr\u00e1s da porta, Marcos escuta a combina\u00e7\u00e3o das duas. Donato faz uma proposta a Marujo: leva-o num passeio de barco se contar o que os pescadores est\u00e3o tramando contra ele. Embriagada, Raquel confessa que foi ela quem namorou Vanderlei, mas avisa: \u201cDiv\u00f3rcio nunca!\u201d.<\/p>\n<p>(*) edi\u00e7\u00e3o das novelas da Globo, &#8220;Mulheres de Areia&#8221;, sujeito a altera\u00e7\u00e3o de data e conte\u00fado.<\/p>\n<p>Sinopse &#8220;Mulheres de Areia&#8221;: Ap\u00f3s anos Ruth volta a morar com os pais, o casal de pescadores Isaura e Floriano, e com sua irm\u00e3 g\u00eamea, Raquel. Ruth e Raquel, apesar de fisicamente id\u00eanticas, t\u00eam personalidades totalmente opostas. Ruth \u00e9 doce, calma, humilde e possui um bom cora\u00e7\u00e3o; enquanto Raquel \u00e9 ego\u00edsta, ambiciosa, agressiva e m\u00e1. Raquel finge ser Ruth para conquistar o jovem empres\u00e1rio Marcos Assun\u00e7\u00e3o, que a irm\u00e3 conheceu a caminho de Pontal. Mesmo apaixonado por Ruth, Marcos acaba envolvido pelo charme e sensualidade de Raquel, e acaba casando-se com ela. A uni\u00e3o n\u00e3o impede que Raquel continue a se encontrar \u00e0s escondidas com o malandro e mau-car\u00e1ter Wanderley, seu amante e c\u00famplice. Em Pontal D&#8217;Areia vive ainda Tonho da Lua, que esculpe mulheres de areia na praia, e alimenta um amor plat\u00f4nico por Ruth, sua protetora. Raquel, por sua vez, o persegue e inferniza sua vida, destruindo suas esculturas e o ofendendo sempre que pode.<\/p>\n","protected":false},"excerpt":{"rendered":"<p>Resumo da novela &#8220;Mulheres de Areia&#8221; em 17\/08: no cap\u00edtulo 039(*) da novela, Virg\u00edlio parece adivinhar o encontro de Raquel com Vanderlei e manda Duarte segui-la. Duarte se atrapalha e Raquel vai embora sem o espi\u00e3o atr\u00e1s. No encontro, ela manda Vanderlei esquec\u00ea-la. Z\u00e9 Lu\u00eds reencontra Vera na quermesse da igreja. A partir dai, ele [&hellip;]<\/p>\n","protected":false},"author":2,"featured_media":233993,"comment_status":"closed","ping_status":"closed","sticky":false,"template":"","format":"standard","meta":{"tdm_status":"","tdm_grid_status":"","footnotes":""},"categories":[2309,379,2025,343],"tags":[441],"class_list":{"0":"post-236045","1":"post","2":"type-post","3":"status-publish","4":"format-standard","5":"has-post-thumbnail","7":"category-mulheres-de-areia","8":"category-novelas","9":"category-resumo","10":"category-televisao","11":"tag-resumo-do-dia"},"_links":{"self":[{"href":"https:\/\/migracao.redenoticia.com.br\/noticia\/wp-json\/wp\/v2\/posts\/236045","targetHints":{"allow":["GET"]}}],"collection":[{"href":"https:\/\/migracao.redenoticia.com.br\/noticia\/wp-json\/wp\/v2\/posts"}],"about":[{"href":"https:\/\/migracao.redenoticia.com.br\/noticia\/wp-json\/wp\/v2\/types\/post"}],"author":[{"embeddable":true,"href":"https:\/\/migracao.redenoticia.com.br\/noticia\/wp-json\/wp\/v2\/users\/2"}],"replies":[{"embeddable":true,"href":"https:\/\/migracao.redenoticia.com.br\/noticia\/wp-json\/wp\/v2\/comments?post=236045"}],"version-history":[{"count":0,"href":"https:\/\/migracao.redenoticia.com.br\/noticia\/wp-json\/wp\/v2\/posts\/236045\/revisions"}],"wp:featuredmedia":[{"embeddable":true,"href":"https:\/\/migracao.redenoticia.com.br\/noticia\/wp-json\/wp\/v2\/media\/233993"}],"wp:attachment":[{"href":"https:\/\/migracao.redenoticia.com.br\/noticia\/wp-json\/wp\/v2\/media?parent=236045"}],"wp:term":[{"taxonomy":"category","embeddable":true,"href":"https:\/\/migracao.redenoticia.com.br\/noticia\/wp-json\/wp\/v2\/categories?post=236045"},{"taxonomy":"post_tag","embeddable":true,"href":"https:\/\/migracao.redenoticia.com.br\/noticia\/wp-json\/wp\/v2\/tags?post=236045"}],"curies":[{"name":"wp","href":"https:\/\/api.w.org\/{rel}","templated":true}]}}