{"id":236053,"date":"2023-08-16T19:11:57","date_gmt":"2023-08-16T22:11:57","guid":{"rendered":"https:\/\/www.redenoticia.com.br\/noticia\/?p=236053"},"modified":"2023-08-16T19:11:57","modified_gmt":"2023-08-16T22:11:57","slug":"resumo-um-refugio-para-o-amor-17-08-constanca-manda-roselena-contar-a-verdade-a-claudio","status":"publish","type":"post","link":"https:\/\/migracao.redenoticia.com.br\/noticia\/2023\/resumo-um-refugio-para-o-amor-17-08-constanca-manda-roselena-contar-a-verdade-a-claudio\/236053","title":{"rendered":"Resumo \u201cUm Ref\u00fagio para o Amor\u201d 17\/08: Constan\u00e7a manda Roselena contar a verdade a Cl\u00e1udio"},"content":{"rendered":"<p> <img loading=\"lazy\" decoding=\"async\" src=\"https:\/\/migracao.redenoticia.com.br\/noticia\/imagens\/um-refugio-para-o-amor-novela-resumo-sbt.jpg.jpg\" alt=\"\" width=\"1280\" height=\"720\" class=\"aligncenter size-full wp-image-233922\" srcset=\"https:\/\/migracao.redenoticia.com.br\/noticia\/imagens\/um-refugio-para-o-amor-novela-resumo-sbt.jpg.jpg 1280w, https:\/\/migracao.redenoticia.com.br\/noticia\/imagens\/um-refugio-para-o-amor-novela-resumo-sbt.jpg-250x140.jpg 250w, https:\/\/migracao.redenoticia.com.br\/noticia\/imagens\/um-refugio-para-o-amor-novela-resumo-sbt.jpg-400x225.jpg 400w, https:\/\/migracao.redenoticia.com.br\/noticia\/imagens\/um-refugio-para-o-amor-novela-resumo-sbt.jpg-768x432.jpg 768w, https:\/\/migracao.redenoticia.com.br\/noticia\/imagens\/um-refugio-para-o-amor-novela-resumo-sbt.jpg-150x84.jpg 150w\" sizes=\"auto, (max-width: 1280px) 100vw, 1280px\" \/> <\/p>\n<p><strong><em>Resumo da novela \u201cUm Ref\u00fagio para o Amor\u201d<\/em><\/strong> em 17\/08: no cap\u00edtulo 039(*) da novela, Maximino aconselha Rodrigo a n\u00e3o contar a Roselena sobre o seu casamento. Luciana e Paz combinam dar um susto a Aquiles. Br\u00edgida telefona a Clara e conta-lhe que ouviu Patr\u00edcio dizer que Rodrigo se ir\u00e1 casar muito em breve. Jer\u00f3nimo conta a Maximino que Aldo tenta conquistar Vicky. Jana tenta convencer a m\u00e3e a aceitar a rela\u00e7\u00e3o entre Rodrigo e Luciana.  <\/p>\n<p>Clara recebe os dados de Aquiles. Rodrigo vai \u00e0 igreja para tratar da data do casamento. Clara recebe as fotografias de Luciana vestida de diabinha. Clara telefona a Aquiles e prop\u00f5e-lhe que ajude a separar Luciana de Rodrigo. Aldo diz a Maximino que est\u00e1 interessado em Vicky e ele diz-lhe que essa rela\u00e7\u00e3o n\u00e3o pode existir. Constan\u00e7a diz a Roselena que se n\u00e3o contar a verdade a Cl\u00e1udio, ela mesma o far\u00e1.<\/p>\n<p>Roselena sonha com o pedido de Aurora para que cuide da sua filha at\u00e9 Cl\u00e1udio poder estar com ela. Aldo diz a Louren\u00e7o que Maximino tem uma rela\u00e7\u00e3o como Inferno. Constan\u00e7a diz a Maximino que n\u00e3o deveria estar preocupado com a rela\u00e7\u00e3o de Aldo e Vicky porque ela nunca iria deixar o homem com quem est\u00e1, que lhe d\u00e1 tudo, por um homem como Aldo que n\u00e3o tem nada para lhe oferecer. Jana e Melissa acompanham Luciana a escolher o vestido de noiva. Aquiles telefona a Clara e diz-lhe que aceita juntar-se a ela para separar Rodrigo e Luciana. Roselena apressa-se a avisar o Padre que Rodrigo e Luciana n\u00e3o se podem casar porque s\u00e3o meios-irm\u00e3os. Maximino vai comprar uma j\u00f3ia para oferecer. Julieta cobra a Roselena mais do que pagou pelas fotografias de Luciana.<\/p>\n<p>(*) edi\u00e7\u00e3o das novelas do SBT, \u201cUm Ref\u00fagio para o Amor\u201d, sujeito a altera\u00e7\u00e3o de data e conte\u00fado.<\/p>\n<p>Sinopse \u201cUm Ref\u00fagio para o Amor\u201d: Uma hist\u00f3ria de amor entre uma jovem linda, humilde, simples e trabalhadora que gera admira\u00e7\u00e3o entre os homens e inveja entre as mulheres, e que \u00e9 obrigada a fugir de sua cidade, para a capital, encontrando o amor em um homem rico, bonito, de classe, arrogante, amante de esportes radicais e com fama de conquistador, mas que \u00e9 generoso e atencioso. Eles ter\u00e3o que passar por muitas dificuldades para ficarem juntos.<\/p>\n<p>Estrelado por Zuria Vega e Gabriel Soto com um elenco de primeira classe, incluindo Jessica Coch, Roberto Bland\u00f3n, Laura Flores, Jos\u00e9 Carlos Ruiz, entre outros. Um ref\u00fagio para o amor \u00e9 uma novela mexicana produzida por Ignacio Sada Madero, originalmente por Delia Fiallo e adaptada por Georgina Tinoco.<\/p>\n","protected":false},"excerpt":{"rendered":"<p>Resumo da novela \u201cUm Ref\u00fagio para o Amor\u201d em 17\/08: no cap\u00edtulo 039(*) da novela, Maximino aconselha Rodrigo a n\u00e3o contar a Roselena sobre o seu casamento. Luciana e Paz combinam dar um susto a Aquiles. Br\u00edgida telefona a Clara e conta-lhe que ouviu Patr\u00edcio dizer que Rodrigo se ir\u00e1 casar muito em breve. Jer\u00f3nimo [&hellip;]<\/p>\n","protected":false},"author":2,"featured_media":233921,"comment_status":"closed","ping_status":"closed","sticky":false,"template":"","format":"standard","meta":{"tdm_status":"","tdm_grid_status":"","footnotes":""},"categories":[379,2025,372,343,2310],"tags":[441],"class_list":{"0":"post-236053","1":"post","2":"type-post","3":"status-publish","4":"format-standard","5":"has-post-thumbnail","7":"category-novelas","8":"category-resumo","9":"category-sbt","10":"category-televisao","11":"category-um-refugio-para-o-amor","12":"tag-resumo-do-dia"},"_links":{"self":[{"href":"https:\/\/migracao.redenoticia.com.br\/noticia\/wp-json\/wp\/v2\/posts\/236053","targetHints":{"allow":["GET"]}}],"collection":[{"href":"https:\/\/migracao.redenoticia.com.br\/noticia\/wp-json\/wp\/v2\/posts"}],"about":[{"href":"https:\/\/migracao.redenoticia.com.br\/noticia\/wp-json\/wp\/v2\/types\/post"}],"author":[{"embeddable":true,"href":"https:\/\/migracao.redenoticia.com.br\/noticia\/wp-json\/wp\/v2\/users\/2"}],"replies":[{"embeddable":true,"href":"https:\/\/migracao.redenoticia.com.br\/noticia\/wp-json\/wp\/v2\/comments?post=236053"}],"version-history":[{"count":0,"href":"https:\/\/migracao.redenoticia.com.br\/noticia\/wp-json\/wp\/v2\/posts\/236053\/revisions"}],"wp:featuredmedia":[{"embeddable":true,"href":"https:\/\/migracao.redenoticia.com.br\/noticia\/wp-json\/wp\/v2\/media\/233921"}],"wp:attachment":[{"href":"https:\/\/migracao.redenoticia.com.br\/noticia\/wp-json\/wp\/v2\/media?parent=236053"}],"wp:term":[{"taxonomy":"category","embeddable":true,"href":"https:\/\/migracao.redenoticia.com.br\/noticia\/wp-json\/wp\/v2\/categories?post=236053"},{"taxonomy":"post_tag","embeddable":true,"href":"https:\/\/migracao.redenoticia.com.br\/noticia\/wp-json\/wp\/v2\/tags?post=236053"}],"curies":[{"name":"wp","href":"https:\/\/api.w.org\/{rel}","templated":true}]}}