{"id":236204,"date":"2023-08-20T13:32:33","date_gmt":"2023-08-20T16:32:33","guid":{"rendered":"https:\/\/www.redenoticia.com.br\/noticia\/?p=236204"},"modified":"2023-08-20T13:32:33","modified_gmt":"2023-08-20T16:32:33","slug":"resumo-meu-pecado-21-08-juliano-proibe-a-mae-de-se-aproximar-de-lucrecia","status":"publish","type":"post","link":"https:\/\/migracao.redenoticia.com.br\/noticia\/2023\/resumo-meu-pecado-21-08-juliano-proibe-a-mae-de-se-aproximar-de-lucrecia\/236204","title":{"rendered":"Resumo \u201cMeu Pecado\u201d 21\/08: Juliano pro\u00edbe a m\u00e3e de se aproximar de Lucr\u00e9cia"},"content":{"rendered":"<p> <img loading=\"lazy\" decoding=\"async\" class=\"aligncenter size-full wp-image-235437\" src=\"https:\/\/migracao.redenoticia.com.br\/noticia\/imagens\/novela-meu-pecado-resumo-capitulos-elenco-personagens-logo-redenoticia-sbt.jpg\" alt=\"\" width=\"1280\" height=\"720\" srcset=\"https:\/\/migracao.redenoticia.com.br\/noticia\/imagens\/novela-meu-pecado-resumo-capitulos-elenco-personagens-logo-redenoticia-sbt.jpg 1280w, https:\/\/migracao.redenoticia.com.br\/noticia\/imagens\/novela-meu-pecado-resumo-capitulos-elenco-personagens-logo-redenoticia-sbt-250x140.jpg 250w, https:\/\/migracao.redenoticia.com.br\/noticia\/imagens\/novela-meu-pecado-resumo-capitulos-elenco-personagens-logo-redenoticia-sbt-400x225.jpg 400w, https:\/\/migracao.redenoticia.com.br\/noticia\/imagens\/novela-meu-pecado-resumo-capitulos-elenco-personagens-logo-redenoticia-sbt-768x432.jpg 768w, https:\/\/migracao.redenoticia.com.br\/noticia\/imagens\/novela-meu-pecado-resumo-capitulos-elenco-personagens-logo-redenoticia-sbt-150x84.jpg 150w\" sizes=\"auto, (max-width: 1280px) 100vw, 1280px\" \/><\/p>\n<p><strong><em>Resumo da novela \u201cMeu Pecado\u201d<\/em><\/strong> em 21\/08: no cap\u00edtulo 016(*) da novela, Ros\u00e1rio pergunta \u00e0 filha, o que Justina fazia em sua casa. Lucr\u00e9cia diz que veio lhe devolver a bofetada que deu em Juliano. Branca diz ao tio que quer ir embora de S\u00e3o Pedro e padre Matias desconfia que algo muito grave aconteceu. Teresa se surpreende quando Justina afirma que Juliano est\u00e1 interessado nela e que vai ajud\u00e1-la a se casar com ele. <\/p>\n<p>Rodolfo comenta com o filho que Justina deu uma bofetada em Lucr\u00e9cia. Irritado, Juliano diz ao pai que n\u00e3o vai permitir que ningu\u00e9m interfira na vida dos dois. Manoel deixa claro para Branca que n\u00e3o quer que ningu\u00e9m saiba que eles mant\u00eam um romance. Juliano pro\u00edbe a m\u00e3e de se aproximar de Lucr\u00e9cia e exige respeito. Tereza pergunta abertamente a Lucr\u00e9cia se est\u00e1 apaixonada por Juliano. Ela nega. Ramiro diz a Justina que n\u00e3o permitir\u00e1 que Juliano se aproxime de Tereza e que se for necess\u00e1rio contar\u00e1 que os dois s\u00e3o amantes. Lucr\u00e9cia ouve a conversa, aparece diante dos dois e diz que h\u00e1 anos os surpreendeu. <\/p>\n<p>(*) edi\u00e7\u00e3o das novelas do SBT, \u201cMeu Pecado\u201d, sujeito a altera\u00e7\u00e3o de data e conte\u00fado.<\/p>\n<p>Sinopse \u201cMeu Pecado\u201d: Com o passar dos anos, Lucr\u00e9cia (Maite Perroni) e Juliano (Eugenio Siller) se reencontram e seu amor renasce. Lucr\u00e9cia n\u00e3o volta sozinha, vem acompanhada de sua prima Renata (Jessica Coch), que assassinou a diretora do internato em que ela e Lucr\u00e9cia estudavam. Paulino sofre uma crise econ\u00f4mica e Ramiro exige casar com sua filha Lucr\u00e9cia. Mas Carmelo se imp\u00f5e contra o casamento, e o assassina a tiros.<\/p>\n<p>Juliano \u00e9 acusado injustamente por este crime e com isso Lucr\u00e9cia se v\u00ea obrigada a casar-se com Carmelo para evitar a ru\u00edna de seu pai e que Juliano fosse acusado injustamente. Juliano vai embora do povoado, convencido de que Lucr\u00e9cia o traiu. Um tempo depois, Carmelo fica sabendo que Juliano voltou e se inicia a guerra entre os dois pelo amor de Lucr\u00e9cia. No final, Lucr\u00e9cia descobre o porque da rejei\u00e7\u00e3o misteriosa da sua m\u00e3e.<\/p>\n","protected":false},"excerpt":{"rendered":"<p>Resumo da novela \u201cMeu Pecado\u201d em 21\/08: no cap\u00edtulo 016(*) da novela, Ros\u00e1rio pergunta \u00e0 filha, o que Justina fazia em sua casa. Lucr\u00e9cia diz que veio lhe devolver a bofetada que deu em Juliano. Branca diz ao tio que quer ir embora de S\u00e3o Pedro e padre Matias desconfia que algo muito grave aconteceu. [&hellip;]<\/p>\n","protected":false},"author":4,"featured_media":235438,"comment_status":"closed","ping_status":"closed","sticky":false,"template":"","format":"standard","meta":{"tdm_status":"","tdm_grid_status":"","footnotes":""},"categories":[2313,379,2025,372,343],"tags":[441],"class_list":{"0":"post-236204","1":"post","2":"type-post","3":"status-publish","4":"format-standard","5":"has-post-thumbnail","7":"category-meu-pecado","8":"category-novelas","9":"category-resumo","10":"category-sbt","11":"category-televisao","12":"tag-resumo-do-dia"},"_links":{"self":[{"href":"https:\/\/migracao.redenoticia.com.br\/noticia\/wp-json\/wp\/v2\/posts\/236204","targetHints":{"allow":["GET"]}}],"collection":[{"href":"https:\/\/migracao.redenoticia.com.br\/noticia\/wp-json\/wp\/v2\/posts"}],"about":[{"href":"https:\/\/migracao.redenoticia.com.br\/noticia\/wp-json\/wp\/v2\/types\/post"}],"author":[{"embeddable":true,"href":"https:\/\/migracao.redenoticia.com.br\/noticia\/wp-json\/wp\/v2\/users\/4"}],"replies":[{"embeddable":true,"href":"https:\/\/migracao.redenoticia.com.br\/noticia\/wp-json\/wp\/v2\/comments?post=236204"}],"version-history":[{"count":0,"href":"https:\/\/migracao.redenoticia.com.br\/noticia\/wp-json\/wp\/v2\/posts\/236204\/revisions"}],"wp:featuredmedia":[{"embeddable":true,"href":"https:\/\/migracao.redenoticia.com.br\/noticia\/wp-json\/wp\/v2\/media\/235438"}],"wp:attachment":[{"href":"https:\/\/migracao.redenoticia.com.br\/noticia\/wp-json\/wp\/v2\/media?parent=236204"}],"wp:term":[{"taxonomy":"category","embeddable":true,"href":"https:\/\/migracao.redenoticia.com.br\/noticia\/wp-json\/wp\/v2\/categories?post=236204"},{"taxonomy":"post_tag","embeddable":true,"href":"https:\/\/migracao.redenoticia.com.br\/noticia\/wp-json\/wp\/v2\/tags?post=236204"}],"curies":[{"name":"wp","href":"https:\/\/api.w.org\/{rel}","templated":true}]}}