{"id":236208,"date":"2023-08-20T13:39:41","date_gmt":"2023-08-20T16:39:41","guid":{"rendered":"https:\/\/www.redenoticia.com.br\/noticia\/?p=236208"},"modified":"2023-09-18T20:57:32","modified_gmt":"2023-09-18T23:57:32","slug":"resumo-iludida-21-08-asya-se-reconcilia-com-ali","status":"publish","type":"post","link":"https:\/\/migracao.redenoticia.com.br\/noticia\/2023\/resumo-iludida-21-08-asya-se-reconcilia-com-ali\/236208","title":{"rendered":"Resumo \u201cIludida\u201d 21\/08: Asya se reconcilia com Ali"},"content":{"rendered":"<p><img loading=\"lazy\" decoding=\"async\" class=\"aligncenter size-full wp-image-235992\" src=\"https:\/\/migracao.redenoticia.com.br\/noticia\/imagens\/novela-iludida-logo-resumo-canal-tnt.jpg\" alt=\"\" width=\"1280\" height=\"720\" srcset=\"https:\/\/migracao.redenoticia.com.br\/noticia\/imagens\/novela-iludida-logo-resumo-canal-tnt.jpg 1280w, https:\/\/migracao.redenoticia.com.br\/noticia\/imagens\/novela-iludida-logo-resumo-canal-tnt-250x140.jpg 250w, https:\/\/migracao.redenoticia.com.br\/noticia\/imagens\/novela-iludida-logo-resumo-canal-tnt-400x225.jpg 400w, https:\/\/migracao.redenoticia.com.br\/noticia\/imagens\/novela-iludida-logo-resumo-canal-tnt-768x432.jpg 768w, https:\/\/migracao.redenoticia.com.br\/noticia\/imagens\/novela-iludida-logo-resumo-canal-tnt-150x84.jpg 150w\" sizes=\"auto, (max-width: 1280px) 100vw, 1280px\" \/><\/p>\n<p><strong><em>Resumo da novela \u201cIludida\u201d<\/em><\/strong> em 21\/08: no cap\u00edtulo 041(*) da novela, Derin descarrega sua raiva em Ali. Derin se cansa da atitude rebelde de Ali. Ali \u00e9 repreendido por Derin quando tem uma rea\u00e7\u00e3o inesperada na mesa de jantar! Derin repreende Ali, que diz aos convidados : &#8220;Esta n\u00e3o \u00e9 minha casa.&#8221; Volkan pergunta asperamente a Ali por que ele fez isso. No entanto, a chegada de Volkan ser\u00e1 muito dura desta vez. <\/p>\n<p>Volkan levanta a m\u00e3o para Ali e vai perd\u00ea-lo com esse comportamento. Volkan fica do lado de sua esposa depois de esbofetear o menino. Volkan sai de casa arrependido. Incapaz de aguentar, Ali encontra a solu\u00e7\u00e3o procurando a m\u00e3e. Ali liga para sua m\u00e3e em l\u00e1grimas e quer que ela venha busc\u00e1-lo. Minutos depois, Asya aparece no local e se reconcilia com Ali. M\u00e3e e filho saem juntos. <\/p>\n<p>(*) edi\u00e7\u00e3o das novelas da TNT\/HBO, \u201cIludida\u201d, sujeito a altera\u00e7\u00e3o de data e conte\u00fado.<\/p>\n<p>Sinopse &#8220;Iludida&#8221;: Com apenas 37 anos, Asya \u00e9 vice-diretora e m\u00e9dica em um hospital da cidade de Tekirdag. Al\u00e9m de ter uma carreira profissional de sucesso, leva uma vida tranquila com o seu marido Volkan e seu filho Ali. Ela parece ter tudo: um trabalho perfeito, uma casa linda e uma fam\u00edlia feliz. Asya se sente a mulher mais sortuda do mundo, o que mais ela poderia pedir? Tudo na sua vida parecia ser cor-de-rosa, at\u00e9 que ela descobre um cabelo loiro no cachecol do seu marido, o que a transforma em uma pessoa obsessiva e incapaz de confiar nas pessoas ao seu redor. Por\u00e9m, ela n\u00e3o se engana em desconfiar deles: aos poucos, Asya descobre uma rede de mentiras que a leva a perceber que a sua vida n\u00e3o era t\u00e3o perfeita como ela pensava.<\/p>\n","protected":false},"excerpt":{"rendered":"<p>Resumo da novela \u201cIludida\u201d em 21\/08: no cap\u00edtulo 041(*) da novela, Derin descarrega sua raiva em Ali. Derin se cansa da atitude rebelde de Ali. Ali \u00e9 repreendido por Derin quando tem uma rea\u00e7\u00e3o inesperada na mesa de jantar! Derin repreende Ali, que diz aos convidados : &#8220;Esta n\u00e3o \u00e9 minha casa.&#8221; Volkan pergunta asperamente [&hellip;]<\/p>\n","protected":false},"author":3,"featured_media":235991,"comment_status":"closed","ping_status":"closed","sticky":false,"template":"","format":"standard","meta":{"tdm_status":"","tdm_grid_status":"","footnotes":""},"categories":[2317,379,2025,343,2315],"tags":[441],"class_list":{"0":"post-236208","1":"post","2":"type-post","3":"status-publish","4":"format-standard","5":"has-post-thumbnail","7":"category-iludida","8":"category-novelas","9":"category-resumo","10":"category-televisao","11":"category-tnt","12":"tag-resumo-do-dia"},"_links":{"self":[{"href":"https:\/\/migracao.redenoticia.com.br\/noticia\/wp-json\/wp\/v2\/posts\/236208","targetHints":{"allow":["GET"]}}],"collection":[{"href":"https:\/\/migracao.redenoticia.com.br\/noticia\/wp-json\/wp\/v2\/posts"}],"about":[{"href":"https:\/\/migracao.redenoticia.com.br\/noticia\/wp-json\/wp\/v2\/types\/post"}],"author":[{"embeddable":true,"href":"https:\/\/migracao.redenoticia.com.br\/noticia\/wp-json\/wp\/v2\/users\/3"}],"replies":[{"embeddable":true,"href":"https:\/\/migracao.redenoticia.com.br\/noticia\/wp-json\/wp\/v2\/comments?post=236208"}],"version-history":[{"count":0,"href":"https:\/\/migracao.redenoticia.com.br\/noticia\/wp-json\/wp\/v2\/posts\/236208\/revisions"}],"wp:featuredmedia":[{"embeddable":true,"href":"https:\/\/migracao.redenoticia.com.br\/noticia\/wp-json\/wp\/v2\/media\/235991"}],"wp:attachment":[{"href":"https:\/\/migracao.redenoticia.com.br\/noticia\/wp-json\/wp\/v2\/media?parent=236208"}],"wp:term":[{"taxonomy":"category","embeddable":true,"href":"https:\/\/migracao.redenoticia.com.br\/noticia\/wp-json\/wp\/v2\/categories?post=236208"},{"taxonomy":"post_tag","embeddable":true,"href":"https:\/\/migracao.redenoticia.com.br\/noticia\/wp-json\/wp\/v2\/tags?post=236208"}],"curies":[{"name":"wp","href":"https:\/\/api.w.org\/{rel}","templated":true}]}}