{"id":236209,"date":"2023-08-20T13:39:08","date_gmt":"2023-08-20T16:39:08","guid":{"rendered":"https:\/\/www.redenoticia.com.br\/noticia\/?p=236209"},"modified":"2023-08-20T13:39:08","modified_gmt":"2023-08-20T16:39:08","slug":"resumo-sera-isso-amor-21-08-ayfer-e-aydan-unem-forcas-para-separar-serkan-e-eda","status":"publish","type":"post","link":"https:\/\/migracao.redenoticia.com.br\/noticia\/2023\/resumo-sera-isso-amor-21-08-ayfer-e-aydan-unem-forcas-para-separar-serkan-e-eda\/236209","title":{"rendered":"Resumo \u201cSer\u00e1 Isso Amor?\u201d 21\/08: Ayfer e Aydan unem for\u00e7as para separar Serkan e Eda"},"content":{"rendered":"<p><img loading=\"lazy\" decoding=\"async\" class=\"aligncenter size-full wp-image-235988\" src=\"https:\/\/migracao.redenoticia.com.br\/noticia\/imagens\/novela-sera-isso-amor-tnt-resumo-elenco.jpg\" alt=\"\" width=\"1280\" height=\"720\" srcset=\"https:\/\/migracao.redenoticia.com.br\/noticia\/imagens\/novela-sera-isso-amor-tnt-resumo-elenco.jpg 1280w, https:\/\/migracao.redenoticia.com.br\/noticia\/imagens\/novela-sera-isso-amor-tnt-resumo-elenco-250x140.jpg 250w, https:\/\/migracao.redenoticia.com.br\/noticia\/imagens\/novela-sera-isso-amor-tnt-resumo-elenco-400x225.jpg 400w, https:\/\/migracao.redenoticia.com.br\/noticia\/imagens\/novela-sera-isso-amor-tnt-resumo-elenco-768x432.jpg 768w, https:\/\/migracao.redenoticia.com.br\/noticia\/imagens\/novela-sera-isso-amor-tnt-resumo-elenco-150x84.jpg 150w\" sizes=\"auto, (max-width: 1280px) 100vw, 1280px\" \/><\/p>\n<p><strong><em>Resumo da novela \u201cSer\u00e1 Isso Amor?\u201d<\/em><\/strong> em 21\/08: no cap\u00edtulo 041(*) da novela, Aydan faz o poss\u00edvel para cuidar de Alptekin, que est\u00e1 se recuperando de um ataque card\u00edaco. Serkan e Eda decidem contar a eles que o namoro deixou de ser uma farsa para se tornar uma realidade maravilhosa. A menina tamb\u00e9m pensa em como vai contar para a tia Ayfer. <\/p>\n<p>Embora n\u00e3o se suportem, Ayfer e Aydan unem for\u00e7as para separar Serkan e Eda, tamanha \u00e9 a convic\u00e7\u00e3o de que o relacionamento est\u00e1 fadado ao fracasso. Aydan encontra sua futura nora e garante que seu filho nunca a far\u00e1 feliz porque \u00e9 um jovem caprichoso que s\u00f3 ama a si mesmo: &#8220;Ele n\u00e3o vai deixar voc\u00ea terminar seus estudos.&#8221; Ayfer tamb\u00e9m tenta assustar o jovem impondo-lhe regras estritas de comportamento. Ele n\u00e3o consegue e d\u00e1 uma noite rom\u00e2ntica para sua amada.<\/p>\n<p> Os pensamentos dos pais de Serkan Bolat contra Eda quebrar\u00e3o todo o feiti\u00e7o. O pai de Serkan, respons\u00e1vel pela morte dos pais de Eda anos atr\u00e1s, agora nega esse relacionamento entre Serkan e Eda. Ele quer que Serkan conhe\u00e7a os fatos e entenda que n\u00e3o pode ficar com Eda. Sem saber de todos os desafios futuros, Serkan e Eda passam momentos inesquec\u00edveis nos bra\u00e7os um do outro.<\/p>\n<p>(*) edi\u00e7\u00e3o das novelas da TNT\/HBO, \u201cSer\u00e1 Isso Amor?\u201d, sujeito a altera\u00e7\u00e3o de data e conte\u00fado.<\/p>\n<p>Sinopse &#8220;Ser\u00e1 Isso Amor?&#8221;: (Primeira Temporada) Eda n\u00e3o consegue concluir sua gradua\u00e7\u00e3o na faculdade de arquitetura paisag\u00edstica por causa de Serkan Bolat. Serkan tem uma ex-namorada, Selin, que ficou noiva recentemente ap\u00f3s o rompimento. Para recuper\u00e1-la, Serkan oferece a Eda um contrato segundo o qual ela deve fingir ser sua noiva por dois meses. Ela aceita a oferta e n\u00e3o demora para surgir algo entre eles. <\/p>\n<p>(Segunda Temporada) Serkan e Eda passam por momentos dif\u00edceis durante o tratamento de c\u00e2ncer dele, que fica obcecado com sua doen\u00e7a e que vira um homem completamente diferente ap\u00f3s sobreviver. Serkan volta a se concentrar apenas em seu trabalho, que aos poucos o afasta de Eda. Mais tarde, ela vai para a It\u00e1lia para concluir seus estudos, enquanto Serkan continua com sua vida. Mas quando eles finalmente se reencontram ap\u00f3s 5 longos anos, a vida tem uma surpresa para ambos.<\/p>\n","protected":false},"excerpt":{"rendered":"<p>Resumo da novela \u201cSer\u00e1 Isso Amor?\u201d em 21\/08: no cap\u00edtulo 041(*) da novela, Aydan faz o poss\u00edvel para cuidar de Alptekin, que est\u00e1 se recuperando de um ataque card\u00edaco. Serkan e Eda decidem contar a eles que o namoro deixou de ser uma farsa para se tornar uma realidade maravilhosa. A menina tamb\u00e9m pensa em [&hellip;]<\/p>\n","protected":false},"author":4,"featured_media":235990,"comment_status":"closed","ping_status":"closed","sticky":false,"template":"","format":"standard","meta":{"tdm_status":"","tdm_grid_status":"","footnotes":""},"categories":[379,2025,2316,343,2315],"tags":[441],"class_list":{"0":"post-236209","1":"post","2":"type-post","3":"status-publish","4":"format-standard","5":"has-post-thumbnail","7":"category-novelas","8":"category-resumo","9":"category-sera-isso-amor","10":"category-televisao","11":"category-tnt","12":"tag-resumo-do-dia"},"_links":{"self":[{"href":"https:\/\/migracao.redenoticia.com.br\/noticia\/wp-json\/wp\/v2\/posts\/236209","targetHints":{"allow":["GET"]}}],"collection":[{"href":"https:\/\/migracao.redenoticia.com.br\/noticia\/wp-json\/wp\/v2\/posts"}],"about":[{"href":"https:\/\/migracao.redenoticia.com.br\/noticia\/wp-json\/wp\/v2\/types\/post"}],"author":[{"embeddable":true,"href":"https:\/\/migracao.redenoticia.com.br\/noticia\/wp-json\/wp\/v2\/users\/4"}],"replies":[{"embeddable":true,"href":"https:\/\/migracao.redenoticia.com.br\/noticia\/wp-json\/wp\/v2\/comments?post=236209"}],"version-history":[{"count":0,"href":"https:\/\/migracao.redenoticia.com.br\/noticia\/wp-json\/wp\/v2\/posts\/236209\/revisions"}],"wp:featuredmedia":[{"embeddable":true,"href":"https:\/\/migracao.redenoticia.com.br\/noticia\/wp-json\/wp\/v2\/media\/235990"}],"wp:attachment":[{"href":"https:\/\/migracao.redenoticia.com.br\/noticia\/wp-json\/wp\/v2\/media?parent=236209"}],"wp:term":[{"taxonomy":"category","embeddable":true,"href":"https:\/\/migracao.redenoticia.com.br\/noticia\/wp-json\/wp\/v2\/categories?post=236209"},{"taxonomy":"post_tag","embeddable":true,"href":"https:\/\/migracao.redenoticia.com.br\/noticia\/wp-json\/wp\/v2\/tags?post=236209"}],"curies":[{"name":"wp","href":"https:\/\/api.w.org\/{rel}","templated":true}]}}