{"id":236215,"date":"2023-08-21T14:31:12","date_gmt":"2023-08-21T17:31:12","guid":{"rendered":"https:\/\/www.redenoticia.com.br\/noticia\/?p=236215"},"modified":"2023-08-21T14:31:12","modified_gmt":"2023-08-21T17:31:12","slug":"resumo-terra-e-paixao-22-08-gregorio-sequestra-agatha-e-e-perseguido-por-caio","status":"publish","type":"post","link":"https:\/\/migracao.redenoticia.com.br\/noticia\/2023\/resumo-terra-e-paixao-22-08-gregorio-sequestra-agatha-e-e-perseguido-por-caio\/236215","title":{"rendered":"Resumo &#8220;Terra e Paix\u00e3o&#8221; 22\/08: Greg\u00f3rio sequestra Agatha e \u00e9 perseguido por Caio"},"content":{"rendered":"<p> <img loading=\"lazy\" decoding=\"async\" src=\"https:\/\/migracao.redenoticia.com.br\/noticia\/imagens\/novela-terra-e-paixao-resumo.jpg\" alt=\"\" width=\"1280\" height=\"720\" class=\"aligncenter size-full wp-image-231930\" srcset=\"https:\/\/migracao.redenoticia.com.br\/noticia\/imagens\/novela-terra-e-paixao-resumo.jpg 1280w, https:\/\/migracao.redenoticia.com.br\/noticia\/imagens\/novela-terra-e-paixao-resumo-250x140.jpg 250w, https:\/\/migracao.redenoticia.com.br\/noticia\/imagens\/novela-terra-e-paixao-resumo-400x225.jpg 400w, https:\/\/migracao.redenoticia.com.br\/noticia\/imagens\/novela-terra-e-paixao-resumo-768x432.jpg 768w, https:\/\/migracao.redenoticia.com.br\/noticia\/imagens\/novela-terra-e-paixao-resumo-150x84.jpg 150w\" sizes=\"auto, (max-width: 1280px) 100vw, 1280px\" \/> <\/p>\n<p><strong><em>Resumo da novela &#8220;Terra e Paix\u00e3o&#8221;<\/em><\/strong> em 22\/08: no cap\u00edtulo 092(*) da novela, Caio reage ao flagrar Greg\u00f3rio for\u00e7ando Agatha a entrar em um carro. Caio e H\u00e9lio partem de carro atr\u00e1s de Greg\u00f3rio, que sequestra Agatha. Aline conta a Jussara seu receio de que algo ruim possa acontecer a Caio. Greg\u00f3rio diz a Caio que recebeu uma encomenda para assassinar a m\u00e3e do rapaz. Caio e H\u00e9lio conseguem imobilizar Greg\u00f3rio e seu comparsa. <\/p>\n<p>Angelina pergunta a Irene se foi ela quem mandou matar Agatha. Greg\u00f3rio e o comparsa conseguem fugir da pol\u00edcia. Caio leva Agatha para a casa de Aline. Greg\u00f3rio diz a Nice que Agatha est\u00e1 morta. Marino encontra o celular de Greg\u00f3rio no mato. Todos se assustam na casa de Ant\u00f4nio ao verem Caio entrar com Agatha e Angelina, e Caio anuncia que sua m\u00e3e est\u00e1 viva.<\/p>\n<p>(*) edi\u00e7\u00e3o das novelas da Globo, &#8220;Terra e Paix\u00e3o&#8221;, sujeito a altera\u00e7\u00e3o de data e conte\u00fado.<\/p>\n<p>Sinopse &#8220;Terra e Paix\u00e3o&#8221;: Aline vive ao lado do marido Samuel e do filho Jo\u00e3o. Ap\u00f3s um atentado em sua casa, v\u00ea-se sozinha com o menino diante das terras deixadas pelo marido. Aline aprende a plantar com a ajuda de Jonatas, um amigo fiel. Al\u00e9m de contar com ele, tem ao seu lado sua m\u00e3e. Aline se aproxima dos irm\u00e3os Caio e Daniel, filhos do poderoso fazendeiro Ant\u00f4nio, com quem precisa brigar para manter suas terras. Ao lado dos dois rapazes, descobre sentimentos novos. Ant\u00f4nio La Selva \u00e9 casado com Irene com quem tem dois filhos, Daniel e Petra. Ele foi muito apaixonado por Agatha, com quem teve Caio, e culpa o rapaz pela morte da m\u00e3e no pr\u00e9-parto. <\/p>\n","protected":false},"excerpt":{"rendered":"<p>Resumo da novela &#8220;Terra e Paix\u00e3o&#8221; em 22\/08: no cap\u00edtulo 092(*) da novela, Caio reage ao flagrar Greg\u00f3rio for\u00e7ando Agatha a entrar em um carro. Caio e H\u00e9lio partem de carro atr\u00e1s de Greg\u00f3rio, que sequestra Agatha. Aline conta a Jussara seu receio de que algo ruim possa acontecer a Caio. Greg\u00f3rio diz a Caio [&hellip;]<\/p>\n","protected":false},"author":2,"featured_media":231928,"comment_status":"closed","ping_status":"closed","sticky":false,"template":"","format":"standard","meta":{"tdm_status":"","tdm_grid_status":"","footnotes":""},"categories":[379,375,2025,343,2305],"tags":[441],"class_list":{"0":"post-236215","1":"post","2":"type-post","3":"status-publish","4":"format-standard","5":"has-post-thumbnail","7":"category-novelas","8":"category-rede-globo","9":"category-resumo","10":"category-televisao","11":"category-terra-e-paixao","12":"tag-resumo-do-dia"},"_links":{"self":[{"href":"https:\/\/migracao.redenoticia.com.br\/noticia\/wp-json\/wp\/v2\/posts\/236215","targetHints":{"allow":["GET"]}}],"collection":[{"href":"https:\/\/migracao.redenoticia.com.br\/noticia\/wp-json\/wp\/v2\/posts"}],"about":[{"href":"https:\/\/migracao.redenoticia.com.br\/noticia\/wp-json\/wp\/v2\/types\/post"}],"author":[{"embeddable":true,"href":"https:\/\/migracao.redenoticia.com.br\/noticia\/wp-json\/wp\/v2\/users\/2"}],"replies":[{"embeddable":true,"href":"https:\/\/migracao.redenoticia.com.br\/noticia\/wp-json\/wp\/v2\/comments?post=236215"}],"version-history":[{"count":0,"href":"https:\/\/migracao.redenoticia.com.br\/noticia\/wp-json\/wp\/v2\/posts\/236215\/revisions"}],"wp:featuredmedia":[{"embeddable":true,"href":"https:\/\/migracao.redenoticia.com.br\/noticia\/wp-json\/wp\/v2\/media\/231928"}],"wp:attachment":[{"href":"https:\/\/migracao.redenoticia.com.br\/noticia\/wp-json\/wp\/v2\/media?parent=236215"}],"wp:term":[{"taxonomy":"category","embeddable":true,"href":"https:\/\/migracao.redenoticia.com.br\/noticia\/wp-json\/wp\/v2\/categories?post=236215"},{"taxonomy":"post_tag","embeddable":true,"href":"https:\/\/migracao.redenoticia.com.br\/noticia\/wp-json\/wp\/v2\/tags?post=236215"}],"curies":[{"name":"wp","href":"https:\/\/api.w.org\/{rel}","templated":true}]}}