{"id":236219,"date":"2023-08-21T14:16:42","date_gmt":"2023-08-21T17:16:42","guid":{"rendered":"https:\/\/www.redenoticia.com.br\/noticia\/?p=236219"},"modified":"2023-08-21T14:16:42","modified_gmt":"2023-08-21T17:16:42","slug":"resumo-a-infancia-de-romeu-e-julieta-22-08-romeu-recebe-um-pacote-anonimo","status":"publish","type":"post","link":"https:\/\/migracao.redenoticia.com.br\/noticia\/2023\/resumo-a-infancia-de-romeu-e-julieta-22-08-romeu-recebe-um-pacote-anonimo\/236219","title":{"rendered":"Resumo \u201cA Inf\u00e2ncia de Romeu e Julieta\u201d 22\/08: Romeu recebe um pacote an\u00f4nimo"},"content":{"rendered":"<p> <img loading=\"lazy\" decoding=\"async\" src=\"https:\/\/migracao.redenoticia.com.br\/noticia\/imagens\/novela-romeu-e-julieta-sbt-elenco-resumo.jpg\" alt=\"\" width=\"1280\" height=\"720\" class=\"aligncenter size-full wp-image-232242\" srcset=\"https:\/\/migracao.redenoticia.com.br\/noticia\/imagens\/novela-romeu-e-julieta-sbt-elenco-resumo.jpg 1280w, https:\/\/migracao.redenoticia.com.br\/noticia\/imagens\/novela-romeu-e-julieta-sbt-elenco-resumo-250x140.jpg 250w, https:\/\/migracao.redenoticia.com.br\/noticia\/imagens\/novela-romeu-e-julieta-sbt-elenco-resumo-400x225.jpg 400w, https:\/\/migracao.redenoticia.com.br\/noticia\/imagens\/novela-romeu-e-julieta-sbt-elenco-resumo-768x432.jpg 768w, https:\/\/migracao.redenoticia.com.br\/noticia\/imagens\/novela-romeu-e-julieta-sbt-elenco-resumo-150x84.jpg 150w\" sizes=\"auto, (max-width: 1280px) 100vw, 1280px\" \/><\/p>\n<p><strong><em>Resumo da novela \u201cA Inf\u00e2ncia de Romeu e Julieta\u201d<\/em><\/strong> em 22\/08: no cap\u00edtulo 077(*) da novela, ocorre uma falha no sistema do Monter Mercado danificando os monitores do com\u00e9rcio. Clara explica para Dimitri, Ellen, Ian e Nath que Extraordinarium era uma brincadeira antiga que ela jogava com os amigos, mas que n\u00e3o se lembra como \u00e9. Dimitri, Ellen, Ian e Nath descobrem que Clara doou ao ferro-velho o pedal que estava na estufa (Pedal da Honra do Pedalzera). Os clientes do Monter Mercado n\u00e3o conseguem comprar no estabelecimento, e Vera acredita que hackearam o sistema. <\/p>\n<p>Mauro e Mariana se encontram na sorveteria. L\u00edvia passa em frente ao local e nota Mariana com o judoca. Dimitri, Ellen, Ian e Nath v\u00e3o at\u00e9 o ferro-velho. Eles esbarram com Claudio, e Ellen o reconhece. Dimitri, Ellen, Ian e Nath pegam um pedal parecido com o Pedal da Honra e v\u00e3o embora do local. Fausto deseja fazer uma pe\u00e7a teatral sobre o bairro na Festa da \u00c1rvore. H\u00e9lio sugere que Fausto solicite patroc\u00ednio para Leandro. <\/p>\n<p>Romeu recebe um pacote an\u00f4nimo. As crian\u00e7as pensam o que fazer no show de talentos da Festa da \u00c1rvore. Nando leva Rosalina para conhecer seu quarto. Fausto convence Leandro que aprova o patroc\u00ednio para o espet\u00e1culo na Festa da \u00c1rvore. Dimitri, Ellen, Ian e Nath enganam Pedalzera com o falso pedal. Posteriormente no Armaz\u00e9m, L\u00edvia diz para Julieta que viu Mauro com Mariana, Daniele escuta a conversa de longe e fica com ci\u00fames. Sem querer, L\u00edvia revela a Julieta que Alex a chamou para integrar o grupo do Lado Torre.<\/p>\n<p>(*) edi\u00e7\u00e3o das novelas do SBT, \u201cA Inf\u00e2ncia de Romeu e Julieta\u201d, sujeito a altera\u00e7\u00e3o de data e conte\u00fado.<\/p>\n<p>Sinopse \u201cA Inf\u00e2ncia de Romeu e Julieta\u201d: A Trama se passa no bairro chamado castanheiras, em que duas fam\u00edlias com propostas diferentes para esse bairro vivem em disc\u00f3rdia, sendo divididas entre os lados Torre (Campos) e Vila (Monteiro).[6] Entretanto, Romeu (Miguel \u00c2ngelo) e Julieta (Vitt\u00f3ria Seixas) se conhecem, da\u00ed em diante, as fam\u00edlias rivais t\u00eam uma nova oportunidade de trazer paz e uni\u00e3o entre o conv\u00edvio deles. <\/p>\n<p>Romeu e Julieta n\u00e3o sabem como v\u00e3o fazer para ficarem juntos. A not\u00edcia do romance chega \u00e0s fam\u00edlias, que n\u00e3o gostam nada da hist\u00f3ria e tratam de afasta-los imediatamente, aprontando v\u00e1rias situa\u00e7\u00f5es. Romeu e Julieta querem acabar com essa hostilidade e tentam ir atr\u00e1s de uma solu\u00e7\u00e3o, mas ao descobrirem mais sobre a hist\u00f3ria de seus pais, percebem que pode ser imposs\u00edvel.<\/p>\n","protected":false},"excerpt":{"rendered":"<p>Resumo da novela \u201cA Inf\u00e2ncia de Romeu e Julieta\u201d em 22\/08: no cap\u00edtulo 077(*) da novela, ocorre uma falha no sistema do Monter Mercado danificando os monitores do com\u00e9rcio. Clara explica para Dimitri, Ellen, Ian e Nath que Extraordinarium era uma brincadeira antiga que ela jogava com os amigos, mas que n\u00e3o se lembra como [&hellip;]<\/p>\n","protected":false},"author":5,"featured_media":232241,"comment_status":"closed","ping_status":"closed","sticky":false,"template":"","format":"standard","meta":{"tdm_status":"","tdm_grid_status":"","footnotes":""},"categories":[2306,379,2025,372,343],"tags":[441],"class_list":{"0":"post-236219","1":"post","2":"type-post","3":"status-publish","4":"format-standard","5":"has-post-thumbnail","7":"category-novela-romeu-e-julieta","8":"category-novelas","9":"category-resumo","10":"category-sbt","11":"category-televisao","12":"tag-resumo-do-dia"},"_links":{"self":[{"href":"https:\/\/migracao.redenoticia.com.br\/noticia\/wp-json\/wp\/v2\/posts\/236219","targetHints":{"allow":["GET"]}}],"collection":[{"href":"https:\/\/migracao.redenoticia.com.br\/noticia\/wp-json\/wp\/v2\/posts"}],"about":[{"href":"https:\/\/migracao.redenoticia.com.br\/noticia\/wp-json\/wp\/v2\/types\/post"}],"author":[{"embeddable":true,"href":"https:\/\/migracao.redenoticia.com.br\/noticia\/wp-json\/wp\/v2\/users\/5"}],"replies":[{"embeddable":true,"href":"https:\/\/migracao.redenoticia.com.br\/noticia\/wp-json\/wp\/v2\/comments?post=236219"}],"version-history":[{"count":0,"href":"https:\/\/migracao.redenoticia.com.br\/noticia\/wp-json\/wp\/v2\/posts\/236219\/revisions"}],"wp:featuredmedia":[{"embeddable":true,"href":"https:\/\/migracao.redenoticia.com.br\/noticia\/wp-json\/wp\/v2\/media\/232241"}],"wp:attachment":[{"href":"https:\/\/migracao.redenoticia.com.br\/noticia\/wp-json\/wp\/v2\/media?parent=236219"}],"wp:term":[{"taxonomy":"category","embeddable":true,"href":"https:\/\/migracao.redenoticia.com.br\/noticia\/wp-json\/wp\/v2\/categories?post=236219"},{"taxonomy":"post_tag","embeddable":true,"href":"https:\/\/migracao.redenoticia.com.br\/noticia\/wp-json\/wp\/v2\/tags?post=236219"}],"curies":[{"name":"wp","href":"https:\/\/api.w.org\/{rel}","templated":true}]}}